{"id":107136,"date":"2022-05-19T10:57:04","date_gmt":"2022-05-19T13:57:04","guid":{"rendered":"https:\/\/eldiariodesanpedro.com.ar\/sitio\/?p=107136"},"modified":"2022-05-19T10:57:05","modified_gmt":"2022-05-19T13:57:05","slug":"prolongacion-del-censo-digital-hasta-el-24-de-mayo","status":"publish","type":"post","link":"https:\/\/eldiariodesanpedro.com.ar\/sitio\/prolongacion-del-censo-digital-hasta-el-24-de-mayo\/","title":{"rendered":"Prolongaci\u00f3n del Censo Digital hasta el 24 de mayo"},"content":{"rendered":"<!-- VideographyWP Plugin Message: Automatic video embedding prevented by plugin options. -->\n\n<p>La Municipalidad de San Pedro informa que desde el Instituto Nacional de Estad\u00edstica y Censos (INDEC) y la coordinaci\u00f3n a cargo de la Jefatura Distrital de Educaci\u00f3n se ha comunicado la continuidad de la opci\u00f3n para completar Censo Digital hasta el 24 de mayo ingresando a <a href=\"https:\/\/digital.censo.gob.ar\/\">https:\/\/digital.censo.gob.ar\/<\/a><\/p>\n","protected":false},"excerpt":{"rendered":"<p>La Municipalidad de San Pedro informa que desde el Instituto Nacional de Estad\u00edstica y Censos (INDEC) y la coordinaci\u00f3n a cargo de la Jefatura Distrital de Educaci\u00f3n se ha comunicado la continuidad de la opci\u00f3n para completar Censo Digital hasta el 24 de mayo ingresando a https:\/\/digital.censo.gob.ar\/<\/p>\n","protected":false},"author":4,"featured_media":105334,"comment_status":"closed","ping_status":"closed","sticky":false,"template":"","format":"standard","meta":{"om_disable_all_campaigns":false,"_jetpack_memberships_contains_paid_content":false,"footnotes":""},"categories":[50,101,2],"tags":[197,696,33,19],"class_list":["post-107136","post","type-post","status-publish","format-standard","has-post-thumbnail","hentry","category-destacadas","category-interes-general-locales","category-locales","tag-buenos-aires","tag-interes-general","tag-locales","tag-san-pedro"],"aioseo_notices":[],"gutentor_comment":0,"jetpack_featured_media_url":"https:\/\/eldiariodesanpedro.com.ar\/sitio\/wp-content\/uploads\/2022\/03\/Censo-Digital-1.jpg","jetpack_shortlink":"https:\/\/wp.me\/p6RhLt-rS0","jetpack_sharing_enabled":true,"_links":{"self":[{"href":"https:\/\/eldiariodesanpedro.com.ar\/sitio\/wp-json\/wp\/v2\/posts\/107136","targetHints":{"allow":["GET"]}}],"collection":[{"href":"https:\/\/eldiariodesanpedro.com.ar\/sitio\/wp-json\/wp\/v2\/posts"}],"about":[{"href":"https:\/\/eldiariodesanpedro.com.ar\/sitio\/wp-json\/wp\/v2\/types\/post"}],"author":[{"embeddable":true,"href":"https:\/\/eldiariodesanpedro.com.ar\/sitio\/wp-json\/wp\/v2\/users\/4"}],"replies":[{"embeddable":true,"href":"https:\/\/eldiariodesanpedro.com.ar\/sitio\/wp-json\/wp\/v2\/comments?post=107136"}],"version-history":[{"count":1,"href":"https:\/\/eldiariodesanpedro.com.ar\/sitio\/wp-json\/wp\/v2\/posts\/107136\/revisions"}],"predecessor-version":[{"id":107137,"href":"https:\/\/eldiariodesanpedro.com.ar\/sitio\/wp-json\/wp\/v2\/posts\/107136\/revisions\/107137"}],"wp:featuredmedia":[{"embeddable":true,"href":"https:\/\/eldiariodesanpedro.com.ar\/sitio\/wp-json\/wp\/v2\/media\/105334"}],"wp:attachment":[{"href":"https:\/\/eldiariodesanpedro.com.ar\/sitio\/wp-json\/wp\/v2\/media?parent=107136"}],"wp:term":[{"taxonomy":"category","embeddable":true,"href":"https:\/\/eldiariodesanpedro.com.ar\/sitio\/wp-json\/wp\/v2\/categories?post=107136"},{"taxonomy":"post_tag","embeddable":true,"href":"https:\/\/eldiariodesanpedro.com.ar\/sitio\/wp-json\/wp\/v2\/tags?post=107136"}],"curies":[{"name":"wp","href":"https:\/\/api.w.org\/{rel}","templated":true}]}}