{"id":107133,"date":"2022-05-19T10:42:44","date_gmt":"2022-05-19T13:42:44","guid":{"rendered":"https:\/\/eldiariodesanpedro.com.ar\/sitio\/?p=107133"},"modified":"2022-05-19T10:42:44","modified_gmt":"2022-05-19T13:42:44","slug":"censo-2022-que-hacer-si-el-censista-no-paso","status":"publish","type":"post","link":"https:\/\/eldiariodesanpedro.com.ar\/sitio\/censo-2022-que-hacer-si-el-censista-no-paso\/","title":{"rendered":"Censo 2022: Qu\u00e9 hacer si el censista no pas\u00f3"},"content":{"rendered":"<!-- VideographyWP Plugin Message: Automatic video embedding prevented by plugin options. -->\n\n<p>Transcurrido el d\u00eda del Censo 2022, el Indec puso a disposici\u00f3n diferentes mecanismos para reclamar la inasistencia del censista en la vivienda.<\/p>\n\n\n\n<p>El\u00a0<strong>Indec<\/strong>\u00a0inform\u00f3 que quienes no realizaron el\u00a0<strong>Censo\u00a02022<\/strong>\u00a0v\u00eda internet y no recibieron el mi\u00e9rcoles la\u00a0<strong>visita<\/strong>\u00a0de un censista en su domicilio podr\u00e1n dar aviso al de esa situaci\u00f3n a trav\u00e9s de correo electr\u00f3nico o un 0800 gratuito.<\/p>\n\n\n\n<p>.\u00bbDe acuerdo a la planificaci\u00f3n acordada en el Sistema Estad\u00edstico Nacional,\u00a0<strong>desde 19 y hasta el 22 de mayo pr\u00f3ximo se realizar\u00e1 la etapa de recuperaci\u00f3n para que toda la poblaci\u00f3n quede correctamente contabilizada<\/strong>\u00ab, inform\u00f3 el mi\u00e9rcoles a la tarde el Indec.<\/p>\n\n\n\n<p><strong>Alrededor de 18 mil personas censar\u00e1n las viviendas que no fueron visitadas durante el operativo presencial realizado durante la jornada de ayer en todo el pa\u00eds en el marco del Censo Nacional 2022, se inform\u00f3 oficialmente.<\/strong><\/p>\n\n\n\n<p>De esta forma el organismo dispuso la casilla&nbsp;<strong>censo@indec.gob.ar<\/strong>&nbsp;o el tel\u00e9fono gratuito nacional&nbsp;<strong>0800-345-2022&nbsp;<\/strong>para realizar el reclamo correspondiente.<\/p>\n\n\n\n<p>La jornada censal del mi\u00e9rcoles 18 de mayo cont\u00f3 con amplia participaci\u00f3n de la poblaci\u00f3n, comenz\u00f3 a las 8 y concluy\u00f3 a las 18, inform\u00f3 el Indec.<\/p>\n\n\n\n<p>Para aquellas personas que, por alg\u00fan motivo, no recibieron la visita del censista en el domicilio, el organismo inform\u00f3 cu\u00e1l ser\u00e1 el procedimiento que deber\u00e1 ser cumplimentado en aquellos casos en que no se recibi\u00f3 la visita domiciliaria de un censista y no se hab\u00eda completado el relevamiento de modo digital.<\/p>\n\n\n\n<p>A su vez aclararon: \u00abSi ya hab\u00edas completado el Censo digital, por m\u00e1s que no hayas recibido la visita de tu censista, ya est\u00e1s censado\/a\u00bb.<\/p>\n\n\n\n<h2 class=\"wp-block-heading\">Jefes de radio continuar\u00e1n censando viviendas<\/h2>\n\n\n\n<p>\u201cCada uno de los 66 mil jefes\/as de radio de todo el pa\u00eds tiene registro de las viviendas que no pudieron ser visitadas\u201d, remarc\u00f3 el Instituto Nacional de Estad\u00edsticas y Censo (Indec) en su cuenta oficial del censo en Twitter.<\/p>\n\n\n\n<p>En ese marco, precis\u00f3 que, \u201cen la semana de supervisi\u00f3n, los 18 mil asistentes de jefes y jefas de fracci\u00f3n convocados hace dos meses para este fin, censar\u00e1n estas viviendas\u201d.<\/p>\n\n\n\n<p>Debido a numerosos casos reportados de personas que no recibieron ayer la visita de los censistas, el Indec anunci\u00f3 anoche que se vuelve a abrir la p\u00e1gina<strong>&nbsp;www.censo.gob.ar para poder completar el formulario del censo en forma digital.<\/strong><\/p>\n\n\n\n<p><a href=\"https:\/\/media.infocielo.com\/p\/086f63c21ceb685ecd40345b31057cb9\/adjuntos\/299\/imagenes\/001\/413\/0001413885\/887x0\/smart\/censo-online-2022-puertajpg.jpg\"><\/a><\/p>\n","protected":false},"excerpt":{"rendered":"<p>Transcurrido el d\u00eda del Censo 2022, el Indec puso a disposici\u00f3n diferentes mecanismos para reclamar la inasistencia del censista en la vivienda. El\u00a0Indec\u00a0inform\u00f3 que quienes no realizaron el\u00a0Censo\u00a02022\u00a0v\u00eda internet y no recibieron el mi\u00e9rcoles la\u00a0visita\u00a0de un censista en su domicilio podr\u00e1n dar aviso al de esa situaci\u00f3n a trav\u00e9s de correo electr\u00f3nico o un 0800 [&hellip;]<\/p>\n","protected":false},"author":4,"featured_media":107134,"comment_status":"closed","ping_status":"closed","sticky":false,"template":"","format":"standard","meta":{"om_disable_all_campaigns":false,"_jetpack_memberships_contains_paid_content":false,"footnotes":""},"categories":[50,101,2],"tags":[197,696,33,19],"class_list":["post-107133","post","type-post","status-publish","format-standard","has-post-thumbnail","hentry","category-destacadas","category-interes-general-locales","category-locales","tag-buenos-aires","tag-interes-general","tag-locales","tag-san-pedro"],"aioseo_notices":[],"gutentor_comment":0,"jetpack_featured_media_url":"https:\/\/eldiariodesanpedro.com.ar\/sitio\/wp-content\/uploads\/2022\/05\/censo-online-2022-puertajpg.jpg","jetpack_shortlink":"https:\/\/wp.me\/p6RhLt-rRX","jetpack_sharing_enabled":true,"_links":{"self":[{"href":"https:\/\/eldiariodesanpedro.com.ar\/sitio\/wp-json\/wp\/v2\/posts\/107133","targetHints":{"allow":["GET"]}}],"collection":[{"href":"https:\/\/eldiariodesanpedro.com.ar\/sitio\/wp-json\/wp\/v2\/posts"}],"about":[{"href":"https:\/\/eldiariodesanpedro.com.ar\/sitio\/wp-json\/wp\/v2\/types\/post"}],"author":[{"embeddable":true,"href":"https:\/\/eldiariodesanpedro.com.ar\/sitio\/wp-json\/wp\/v2\/users\/4"}],"replies":[{"embeddable":true,"href":"https:\/\/eldiariodesanpedro.com.ar\/sitio\/wp-json\/wp\/v2\/comments?post=107133"}],"version-history":[{"count":1,"href":"https:\/\/eldiariodesanpedro.com.ar\/sitio\/wp-json\/wp\/v2\/posts\/107133\/revisions"}],"predecessor-version":[{"id":107135,"href":"https:\/\/eldiariodesanpedro.com.ar\/sitio\/wp-json\/wp\/v2\/posts\/107133\/revisions\/107135"}],"wp:featuredmedia":[{"embeddable":true,"href":"https:\/\/eldiariodesanpedro.com.ar\/sitio\/wp-json\/wp\/v2\/media\/107134"}],"wp:attachment":[{"href":"https:\/\/eldiariodesanpedro.com.ar\/sitio\/wp-json\/wp\/v2\/media?parent=107133"}],"wp:term":[{"taxonomy":"category","embeddable":true,"href":"https:\/\/eldiariodesanpedro.com.ar\/sitio\/wp-json\/wp\/v2\/categories?post=107133"},{"taxonomy":"post_tag","embeddable":true,"href":"https:\/\/eldiariodesanpedro.com.ar\/sitio\/wp-json\/wp\/v2\/tags?post=107133"}],"curies":[{"name":"wp","href":"https:\/\/api.w.org\/{rel}","templated":true}]}}