{"id":107130,"date":"2022-05-19T09:54:35","date_gmt":"2022-05-19T12:54:35","guid":{"rendered":"https:\/\/eldiariodesanpedro.com.ar\/sitio\/?p=107130"},"modified":"2022-05-19T09:54:35","modified_gmt":"2022-05-19T12:54:35","slug":"esi-tras-el-pedido-de-padres-y-madres-la-escuela-6-convoco-a-una-asamblea-para-explicar-su-aplicacion%ef%bf%bc","status":"publish","type":"post","link":"https:\/\/eldiariodesanpedro.com.ar\/sitio\/esi-tras-el-pedido-de-padres-y-madres-la-escuela-6-convoco-a-una-asamblea-para-explicar-su-aplicacion%ef%bf%bc\/","title":{"rendered":"ESI: Tras el pedido de padres y madres, la Escuela 6 convoc\u00f3 a una asamblea para explicar su aplicaci\u00f3n\ufffc"},"content":{"rendered":"<!-- VideographyWP Plugin Message: Automatic video embedding prevented by plugin options. -->\n\n<p>El regreso de la directora Lucrecia Del Pozo, quien en el 2021 acumul\u00f3 numerosas denuncias en su contra por irregularidades en el ejercicio de su funci\u00f3n y el incumplimiento de la aplicaci\u00f3n de la ley de Educaci\u00f3n Sexual Integral, motiv\u00f3 que un grupo de padres y madres se organizaran para solicitar una asamblea informativa respecto a la planificaci\u00f3n y contenidos que se dictar\u00e1n en el marco de la ley vigente desde 2006. Del Pozo y la inspectora de Primaria Paola Eredia encabezar\u00e1n este encuentro que se concretar\u00e1 este jueves, desde las 17.30, y es abierto a toda la comunidad educativa.<\/p>\n\n\n\n<p>La\u00a0<strong>direcci\u00f3n General de Cultura y Educaci\u00f3n de la provincia de Buenos Aires<\/strong>, en una resoluci\u00f3n que gener\u00f3 pol\u00e9mica,\u00a0<strong>decidi\u00f3 restituir a Lucrecia Del Pozo<\/strong>, la directora de la Escuela 6 que en el 2021 recibi\u00f3 numerosas\u00a0<strong>denuncias en su contra por irregularidades<\/strong>, que fueron elevadas por la Jefatura Distrital local a la provincia.<\/p>\n\n\n\n<p>Del Pozo hab\u00eda sido acusada, entre otras cosas, del\u00a0<strong>incumplimiento en la aplicaci\u00f3n de la Ley de Educaci\u00f3n Sexual Integral<\/strong>, vigente en nuestro pa\u00eds desde 2006, y que permite a las ni\u00f1eces, de acuerdo a sus edades, aprender a conocer su propio cuerpo, asumir valores y actitudes responsables relacionadas con la sexualidad, conocer y respetar el derecho a la identidad, a la no discriminaci\u00f3n y al buen trato, entre otros prop\u00f3sitos que persigue la normativa.\u00a0<\/p>\n\n\n\n<p>Ante la decisi\u00f3n de restituirla en el cargo (luego de aplicar la sanci\u00f3n correspondiente),&nbsp;<strong>un grupo de padres y madres de la comunidad educativa decidieron organizarse para solicitarle a Del Pozo una asamblea informativa<\/strong>&nbsp;sobre la aplicaci\u00f3n de los contenidos de la ESI, que finalmente&nbsp;<strong>se concretar\u00e1 este jueves 19, desde las 17.30<\/strong>, en el propio establecimiento educativo de Uruguay 1001.<\/p>\n\n\n\n<p>Tanto&nbsp;<strong>Del Pozo, como la inspectora del nivel primario Paola Eredia, ser\u00e1n las encargadas de encabezar este encuentro<\/strong>&nbsp;que est\u00e1 abierto a toda la comunidad educativa, m\u00e1s all\u00e1 de quienes hayan solicitado la reuni\u00f3n inicialmente.<\/p>\n\n\n\n<p>Ante las numerosas situaciones referidas en los \u00faltimos meses por madres y padres de alumnos y alumnas del establecimiento ante los medios de comunicaci\u00f3n, redes sociales y formalmente ante la jefatura distrital de Educaci\u00f3n, este encuentro adquiere gran relevancia porque<strong>&nbsp;podr\u00eda ser el primer paso para garantizar la aplicaci\u00f3n de una ley fundamental y, por tanto, el respeto por los derechos de ni\u00f1os y ni\u00f1as<\/strong>.<\/p>\n","protected":false},"excerpt":{"rendered":"<p>El regreso de la directora Lucrecia Del Pozo, quien en el 2021 acumul\u00f3 numerosas denuncias en su contra por irregularidades en el ejercicio de su funci\u00f3n y el incumplimiento de la aplicaci\u00f3n de la ley de Educaci\u00f3n Sexual Integral, motiv\u00f3 que un grupo de padres y madres se organizaran para solicitar una asamblea informativa respecto [&hellip;]<\/p>\n","protected":false},"author":4,"featured_media":107131,"comment_status":"closed","ping_status":"closed","sticky":false,"template":"","format":"standard","meta":{"om_disable_all_campaigns":false,"_jetpack_memberships_contains_paid_content":false,"footnotes":""},"categories":[50,101,2],"tags":[197,696,33,19],"class_list":["post-107130","post","type-post","status-publish","format-standard","has-post-thumbnail","hentry","category-destacadas","category-interes-general-locales","category-locales","tag-buenos-aires","tag-interes-general","tag-locales","tag-san-pedro"],"aioseo_notices":[],"gutentor_comment":0,"jetpack_featured_media_url":"https:\/\/eldiariodesanpedro.com.ar\/sitio\/wp-content\/uploads\/2022\/05\/escuela-6-as.jpg","jetpack_shortlink":"https:\/\/wp.me\/p6RhLt-rRU","jetpack_sharing_enabled":true,"_links":{"self":[{"href":"https:\/\/eldiariodesanpedro.com.ar\/sitio\/wp-json\/wp\/v2\/posts\/107130","targetHints":{"allow":["GET"]}}],"collection":[{"href":"https:\/\/eldiariodesanpedro.com.ar\/sitio\/wp-json\/wp\/v2\/posts"}],"about":[{"href":"https:\/\/eldiariodesanpedro.com.ar\/sitio\/wp-json\/wp\/v2\/types\/post"}],"author":[{"embeddable":true,"href":"https:\/\/eldiariodesanpedro.com.ar\/sitio\/wp-json\/wp\/v2\/users\/4"}],"replies":[{"embeddable":true,"href":"https:\/\/eldiariodesanpedro.com.ar\/sitio\/wp-json\/wp\/v2\/comments?post=107130"}],"version-history":[{"count":1,"href":"https:\/\/eldiariodesanpedro.com.ar\/sitio\/wp-json\/wp\/v2\/posts\/107130\/revisions"}],"predecessor-version":[{"id":107132,"href":"https:\/\/eldiariodesanpedro.com.ar\/sitio\/wp-json\/wp\/v2\/posts\/107130\/revisions\/107132"}],"wp:featuredmedia":[{"embeddable":true,"href":"https:\/\/eldiariodesanpedro.com.ar\/sitio\/wp-json\/wp\/v2\/media\/107131"}],"wp:attachment":[{"href":"https:\/\/eldiariodesanpedro.com.ar\/sitio\/wp-json\/wp\/v2\/media?parent=107130"}],"wp:term":[{"taxonomy":"category","embeddable":true,"href":"https:\/\/eldiariodesanpedro.com.ar\/sitio\/wp-json\/wp\/v2\/categories?post=107130"},{"taxonomy":"post_tag","embeddable":true,"href":"https:\/\/eldiariodesanpedro.com.ar\/sitio\/wp-json\/wp\/v2\/tags?post=107130"}],"curies":[{"name":"wp","href":"https:\/\/api.w.org\/{rel}","templated":true}]}}