{"id":107111,"date":"2022-05-18T11:06:37","date_gmt":"2022-05-18T14:06:37","guid":{"rendered":"https:\/\/eldiariodesanpedro.com.ar\/sitio\/?p=107111"},"modified":"2022-05-18T11:06:38","modified_gmt":"2022-05-18T14:06:38","slug":"termino-el-censo-digital-y-empieza-el-operativo-de-campo","status":"publish","type":"post","link":"https:\/\/eldiariodesanpedro.com.ar\/sitio\/termino-el-censo-digital-y-empieza-el-operativo-de-campo\/","title":{"rendered":"Termin\u00f3 el Censo digital y empieza el \u00aboperativo de campo\u00bb"},"content":{"rendered":"<!-- VideographyWP Plugin Message: Automatic video embedding prevented by plugin options. -->\n\n<p>Marco Lavagna, titular del INDEC, inform\u00f3 c\u00f3mo comenz\u00f3 el operativo \u00abde campo\u00bb del Censo 2022. Destac\u00f3 la cantidad de personas que lo hicieron por internet.<\/p>\n\n\n\n<p>Desde las de la ma\u00f1ana de hoy y hasta las 18 horas se desplegar\u00e1 en todo el pa\u00eds el \u00aboperativo de campo\u00bb del\u00a0Censo\u00a02022. As\u00ed lo inform\u00f3\u00a0el titular del\u00a0INDEC,\u00a0Marco Lavagna, quien dio concluido con muy buenas estad\u00edsticas la fase de censo digital.<\/p>\n\n\n\n<p>Lavagna brind\u00f3 esta ma\u00f1ana una conferencia de prensa en la que inform\u00f3 que 23.8 millones de personas completaron el Censo digital. Se estima que una de cada dos personas eligieron esa v\u00eda para entregar sus datos.<\/p>\n\n\n\n<p>S\u00f3lo en las \u00faltimas horas, precis\u00f3 el funcionario, hicieron el tr\u00e1mite m\u00e1s de 2 millones de personas, a pesar de las dificultades que gener\u00f3 la afluencia masiva de usuarios, que llev\u00f3 a que las redes colapsaran varias veces.<\/p>\n\n\n\n<p>En el territorio bonaerense se desplegaron 300 mil censistas que se har\u00e1n cargo de relevar 8.054.387 domicilios. Aqu\u00ed, el 48,2% de la poblaci\u00f3n complet\u00f3 el censo digital.<\/p>\n\n\n\n<p><strong>\u00abEs un n\u00famero muy bueno, estamos muy contentos de este operatigvo y que es la primera vez que se hacia. Claramente super\u00f3 todas las expectativas que ten\u00edamos\u00bb, celebr\u00f3.<\/strong><\/p>\n\n\n\n<p>La gran cantidad de personas que hicieron el censo digital influir\u00e1n en la celeridad del operativo de campo. Claro que no termina con la responsabilidad de quienes cargaron los datos en internet.<\/p>\n\n\n\n<p>\u00abLos que hayan hecho el censo digital es importante que se queden en su casa hasta entregar el c\u00f3digo de completamiento al censista. Es en ese momento en el que cada tapa censal se termina\u00bb, advirti\u00f3 el titular del INDEC, quien subray\u00f3 que \u00abla persona censista le va a hacer una sola pregunta que es cu\u00e1ntas personas habitan el hogar\u00bb.<\/p>\n\n\n\n<p>En cambio, si no se hizo el censo digital, el censista \u00abhace la entrevista como es de costumbre\u00bb, aclar\u00f3.<\/p>\n\n\n\n<p>Los censistas, que recorrer\u00e1n m\u00e1s de 17 millones de hogares en las pr\u00f3ximas 10 horas, tienen una identificaci\u00f3n de seguridad: una pechera y una tarjeta que contiene un c\u00f3digo QR que los identifica como tales y que cualquier persona puede exigir para comprobar la identidad.<\/p>\n\n\n\n<p>fuente: Infocielo<\/p>\n\n\n\n<figure class=\"wp-block-image size-large\"><img decoding=\"async\" width=\"1024\" height=\"576\" data-attachment-id=\"107113\" data-permalink=\"https:\/\/eldiariodesanpedro.com.ar\/sitio\/termino-el-censo-digital-y-empieza-el-operativo-de-campo\/282275531_329080069323865_828194603164606664_n\/\" data-orig-file=\"https:\/\/eldiariodesanpedro.com.ar\/sitio\/wp-content\/uploads\/2022\/05\/282275531_329080069323865_828194603164606664_n.jpg\" data-orig-size=\"1120,630\" data-comments-opened=\"0\" data-image-meta=\"{&quot;aperture&quot;:&quot;0&quot;,&quot;credit&quot;:&quot;&quot;,&quot;camera&quot;:&quot;&quot;,&quot;caption&quot;:&quot;&quot;,&quot;created_timestamp&quot;:&quot;0&quot;,&quot;copyright&quot;:&quot;&quot;,&quot;focal_length&quot;:&quot;0&quot;,&quot;iso&quot;:&quot;0&quot;,&quot;shutter_speed&quot;:&quot;0&quot;,&quot;title&quot;:&quot;&quot;,&quot;orientation&quot;:&quot;0&quot;}\" data-image-title=\"282275531_329080069323865_828194603164606664_n\" data-image-description=\"\" data-image-caption=\"\" data-large-file=\"https:\/\/eldiariodesanpedro.com.ar\/sitio\/wp-content\/uploads\/2022\/05\/282275531_329080069323865_828194603164606664_n-1024x576.jpg\" data-src=\"https:\/\/eldiariodesanpedro.com.ar\/sitio\/wp-content\/uploads\/2022\/05\/282275531_329080069323865_828194603164606664_n-1024x576.jpg\" alt=\"\" class=\"wp-image-107113 lazyload\" data-srcset=\"https:\/\/eldiariodesanpedro.com.ar\/sitio\/wp-content\/uploads\/2022\/05\/282275531_329080069323865_828194603164606664_n-1024x576.jpg 1024w, https:\/\/eldiariodesanpedro.com.ar\/sitio\/wp-content\/uploads\/2022\/05\/282275531_329080069323865_828194603164606664_n-300x169.jpg 300w, https:\/\/eldiariodesanpedro.com.ar\/sitio\/wp-content\/uploads\/2022\/05\/282275531_329080069323865_828194603164606664_n-768x432.jpg 768w, https:\/\/eldiariodesanpedro.com.ar\/sitio\/wp-content\/uploads\/2022\/05\/282275531_329080069323865_828194603164606664_n.jpg 1120w\" data-sizes=\"(max-width: 1024px) 100vw, 1024px\" src=\"data:image\/svg+xml;base64,PHN2ZyB3aWR0aD0iMSIgaGVpZ2h0PSIxIiB4bWxucz0iaHR0cDovL3d3dy53My5vcmcvMjAwMC9zdmciPjwvc3ZnPg==\" style=\"--smush-placeholder-width: 1024px; --smush-placeholder-aspect-ratio: 1024\/576;\" \/><\/figure>\n\n\n\n<iframe data-src=\"https:\/\/www.facebook.com\/plugins\/post.php?href=https%3A%2F%2Fwww.facebook.com%2Fdiariosp2%2Fposts%2F329079989323873&#038;show_text=true&#038;width=500\" width=\"500\" height=\"645\" style=\"border:none;overflow:hidden\" scrolling=\"no\" frameborder=\"0\" allowfullscreen=\"true\" allow=\"autoplay; clipboard-write; encrypted-media; picture-in-picture; web-share\" src=\"data:image\/svg+xml;base64,PHN2ZyB3aWR0aD0iMSIgaGVpZ2h0PSIxIiB4bWxucz0iaHR0cDovL3d3dy53My5vcmcvMjAwMC9zdmciPjwvc3ZnPg==\" class=\"lazyload\" data-load-mode=\"1\"><\/iframe>\n\n\n\n<iframe data-src=\"https:\/\/www.facebook.com\/plugins\/video.php?height=314&#038;href=https%3A%2F%2Fwww.facebook.com%2Fdiariosp2%2Fvideos%2F775565700487809%2F&#038;show_text=false&#038;width=560&#038;t=0\" width=\"560\" height=\"314\" style=\"border:none;overflow:hidden\" scrolling=\"no\" frameborder=\"0\" allowfullscreen=\"true\" allow=\"autoplay; clipboard-write; encrypted-media; picture-in-picture; web-share\" allowFullScreen=\"true\" src=\"data:image\/svg+xml;base64,PHN2ZyB3aWR0aD0iMSIgaGVpZ2h0PSIxIiB4bWxucz0iaHR0cDovL3d3dy53My5vcmcvMjAwMC9zdmciPjwvc3ZnPg==\" class=\"lazyload\" data-load-mode=\"1\"><\/iframe>\n","protected":false},"excerpt":{"rendered":"<p>Marco Lavagna, titular del INDEC, inform\u00f3 c\u00f3mo comenz\u00f3 el operativo \u00abde campo\u00bb del Censo 2022. Destac\u00f3 la cantidad de personas que lo hicieron por internet. Desde las de la ma\u00f1ana de hoy y hasta las 18 horas se desplegar\u00e1 en todo el pa\u00eds el \u00aboperativo de campo\u00bb del\u00a0Censo\u00a02022. As\u00ed lo inform\u00f3\u00a0el titular del\u00a0INDEC,\u00a0Marco Lavagna, quien [&hellip;]<\/p>\n","protected":false},"author":4,"featured_media":107112,"comment_status":"closed","ping_status":"closed","sticky":false,"template":"","format":"standard","meta":{"om_disable_all_campaigns":false,"_jetpack_memberships_contains_paid_content":false,"footnotes":""},"categories":[50,101,2],"tags":[197,696,33,19],"class_list":["post-107111","post","type-post","status-publish","format-standard","has-post-thumbnail","hentry","category-destacadas","category-interes-general-locales","category-locales","tag-buenos-aires","tag-interes-general","tag-locales","tag-san-pedro"],"aioseo_notices":[],"gutentor_comment":0,"jetpack_featured_media_url":"https:\/\/eldiariodesanpedro.com.ar\/sitio\/wp-content\/uploads\/2022\/05\/281720771_329080605990478_7891208895115217040_n.jpg","jetpack_shortlink":"https:\/\/wp.me\/p6RhLt-rRB","jetpack_sharing_enabled":true,"_links":{"self":[{"href":"https:\/\/eldiariodesanpedro.com.ar\/sitio\/wp-json\/wp\/v2\/posts\/107111","targetHints":{"allow":["GET"]}}],"collection":[{"href":"https:\/\/eldiariodesanpedro.com.ar\/sitio\/wp-json\/wp\/v2\/posts"}],"about":[{"href":"https:\/\/eldiariodesanpedro.com.ar\/sitio\/wp-json\/wp\/v2\/types\/post"}],"author":[{"embeddable":true,"href":"https:\/\/eldiariodesanpedro.com.ar\/sitio\/wp-json\/wp\/v2\/users\/4"}],"replies":[{"embeddable":true,"href":"https:\/\/eldiariodesanpedro.com.ar\/sitio\/wp-json\/wp\/v2\/comments?post=107111"}],"version-history":[{"count":1,"href":"https:\/\/eldiariodesanpedro.com.ar\/sitio\/wp-json\/wp\/v2\/posts\/107111\/revisions"}],"predecessor-version":[{"id":107114,"href":"https:\/\/eldiariodesanpedro.com.ar\/sitio\/wp-json\/wp\/v2\/posts\/107111\/revisions\/107114"}],"wp:featuredmedia":[{"embeddable":true,"href":"https:\/\/eldiariodesanpedro.com.ar\/sitio\/wp-json\/wp\/v2\/media\/107112"}],"wp:attachment":[{"href":"https:\/\/eldiariodesanpedro.com.ar\/sitio\/wp-json\/wp\/v2\/media?parent=107111"}],"wp:term":[{"taxonomy":"category","embeddable":true,"href":"https:\/\/eldiariodesanpedro.com.ar\/sitio\/wp-json\/wp\/v2\/categories?post=107111"},{"taxonomy":"post_tag","embeddable":true,"href":"https:\/\/eldiariodesanpedro.com.ar\/sitio\/wp-json\/wp\/v2\/tags?post=107111"}],"curies":[{"name":"wp","href":"https:\/\/api.w.org\/{rel}","templated":true}]}}