{"id":107108,"date":"2022-05-18T10:54:42","date_gmt":"2022-05-18T13:54:42","guid":{"rendered":"https:\/\/eldiariodesanpedro.com.ar\/sitio\/?p=107108"},"modified":"2022-05-18T10:54:43","modified_gmt":"2022-05-18T13:54:43","slug":"confirman-nuevo-aumento-salarial-para-la-policia-bonaerense%ef%bf%bc","status":"publish","type":"post","link":"https:\/\/eldiariodesanpedro.com.ar\/sitio\/confirman-nuevo-aumento-salarial-para-la-policia-bonaerense%ef%bf%bc\/","title":{"rendered":"Confirman nuevo aumento salarial para la Polic\u00eda Bonaerense\ufffc"},"content":{"rendered":"<!-- VideographyWP Plugin Message: Automatic video embedding prevented by plugin options. -->\n\n<p>El gobierno de Axel Kicillof confirm\u00f3 dos nuevos tramos de aumento del 10% para las fuerzas de seguridad en los meses de mayo y diciembre, que se suman a los ya otorgados, logrando un aumento anual acumulado del 60% en el a\u00f1o. El sueldo neto de un oficial de polic\u00eda ingresante ser\u00e1 en diciembre de 113.194 pesos.<\/p>\n\n\n\n<p>Siguiendo con la pol\u00edtica salarial anunciada la semana pasada para las y los trabajadores bonaerenses, el gobierno provincial confirm\u00f3 este martes que se adicionan dos nuevos tramos de aumento del 10% para las fuerzas de seguridad en los meses de mayo y diciembre, a los ya dados para los meses de marzo, julio y septiembre; garantiz\u00e1ndose de esta forma un aumento anual acumulado del 60% en el a\u00f1o.<\/p>\n\n\n\n<p>Con este nuevo aumento, el sueldo neto de un oficial de polic\u00eda ingresante ser\u00e1 en diciembre $ 113.194. Adicionando la compensaci\u00f3n por uniforme de $7.500 que perciben de manera mensual, el sueldo neto de un Oficial de Polic\u00eda que reci\u00e9n inicia su carrera ascender\u00e1 a $120.694.<\/p>\n\n\n\n<p>El salario de bolsillo promedio de toda la fuerza, que en diciembre 2021 ascend\u00eda a $96.500, se elevar\u00e1 a $155.000 a partir de diciembre.<\/p>\n\n\n\n<p>Continuando con el objetivo de mejorar la calidad del salario, se refuerzan los sueldos b\u00e1sicos para recomponer la retribuci\u00f3n seg\u00fan la jerarqu\u00eda. As\u00ed el sueldo b\u00e1sico de un oficial de polic\u00eda se incrementar\u00e1 en 146% a partir de diciembre en relaci\u00f3n al mismo mes del a\u00f1o anterior, incrementando su participaci\u00f3n en el salario bruto del 31,5% al 48,5%, reduciendo la participaci\u00f3n relativa del resto de las bonificaciones y adicionales. &nbsp;<\/p>\n\n\n\n<p>Seguimos trabajando para reforzar ingresos de las y los trabajadores p\u00fablicos de la provincia de Buenos Aires.<\/p>\n","protected":false},"excerpt":{"rendered":"<p>El gobierno de Axel Kicillof confirm\u00f3 dos nuevos tramos de aumento del 10% para las fuerzas de seguridad en los meses de mayo y diciembre, que se suman a los ya otorgados, logrando un aumento anual acumulado del 60% en el a\u00f1o. El sueldo neto de un oficial de polic\u00eda ingresante ser\u00e1 en diciembre de [&hellip;]<\/p>\n","protected":false},"author":4,"featured_media":107109,"comment_status":"closed","ping_status":"closed","sticky":false,"template":"","format":"standard","meta":{"om_disable_all_campaigns":false,"_jetpack_memberships_contains_paid_content":false,"footnotes":""},"categories":[50,101,2],"tags":[],"class_list":["post-107108","post","type-post","status-publish","format-standard","has-post-thumbnail","hentry","category-destacadas","category-interes-general-locales","category-locales"],"aioseo_notices":[],"gutentor_comment":0,"jetpack_featured_media_url":"https:\/\/eldiariodesanpedro.com.ar\/sitio\/wp-content\/uploads\/2022\/05\/policia-b.jpg","jetpack_shortlink":"https:\/\/wp.me\/p6RhLt-rRy","jetpack_sharing_enabled":true,"_links":{"self":[{"href":"https:\/\/eldiariodesanpedro.com.ar\/sitio\/wp-json\/wp\/v2\/posts\/107108","targetHints":{"allow":["GET"]}}],"collection":[{"href":"https:\/\/eldiariodesanpedro.com.ar\/sitio\/wp-json\/wp\/v2\/posts"}],"about":[{"href":"https:\/\/eldiariodesanpedro.com.ar\/sitio\/wp-json\/wp\/v2\/types\/post"}],"author":[{"embeddable":true,"href":"https:\/\/eldiariodesanpedro.com.ar\/sitio\/wp-json\/wp\/v2\/users\/4"}],"replies":[{"embeddable":true,"href":"https:\/\/eldiariodesanpedro.com.ar\/sitio\/wp-json\/wp\/v2\/comments?post=107108"}],"version-history":[{"count":1,"href":"https:\/\/eldiariodesanpedro.com.ar\/sitio\/wp-json\/wp\/v2\/posts\/107108\/revisions"}],"predecessor-version":[{"id":107110,"href":"https:\/\/eldiariodesanpedro.com.ar\/sitio\/wp-json\/wp\/v2\/posts\/107108\/revisions\/107110"}],"wp:featuredmedia":[{"embeddable":true,"href":"https:\/\/eldiariodesanpedro.com.ar\/sitio\/wp-json\/wp\/v2\/media\/107109"}],"wp:attachment":[{"href":"https:\/\/eldiariodesanpedro.com.ar\/sitio\/wp-json\/wp\/v2\/media?parent=107108"}],"wp:term":[{"taxonomy":"category","embeddable":true,"href":"https:\/\/eldiariodesanpedro.com.ar\/sitio\/wp-json\/wp\/v2\/categories?post=107108"},{"taxonomy":"post_tag","embeddable":true,"href":"https:\/\/eldiariodesanpedro.com.ar\/sitio\/wp-json\/wp\/v2\/tags?post=107108"}],"curies":[{"name":"wp","href":"https:\/\/api.w.org\/{rel}","templated":true}]}}