{"id":107105,"date":"2022-05-18T10:47:32","date_gmt":"2022-05-18T13:47:32","guid":{"rendered":"https:\/\/eldiariodesanpedro.com.ar\/sitio\/?p=107105"},"modified":"2022-05-18T10:47:33","modified_gmt":"2022-05-18T13:47:33","slug":"aprietes-y-extorsion-dictaron-la-prision-preventiva-de-cabaleyro-y-espindola-con-prision-domiciliaria","status":"publish","type":"post","link":"https:\/\/eldiariodesanpedro.com.ar\/sitio\/aprietes-y-extorsion-dictaron-la-prision-preventiva-de-cabaleyro-y-espindola-con-prision-domiciliaria\/","title":{"rendered":"Aprietes y extorsi\u00f3n: Dictaron la prisi\u00f3n preventiva de Cabaleyro y Esp\u00edndola con prisi\u00f3n domiciliaria"},"content":{"rendered":"<!-- VideographyWP Plugin Message: Automatic video embedding prevented by plugin options. -->\n\n<p>El juez Rom\u00e1n Parodi hizo lugar a la solicitud de la fiscal Viviani y decidi\u00f3 que los dirigentes de Camioneros queden procesados y con graves cargos en su contra. La medida indica que seguir\u00e1n detenidos pero con arresto domiciliario.<\/p>\n\n\n\n<p>Los dirigentes del sindicato de Camioneros, Maximiliano Cabaleyro y Fernando Esp\u00edndola seguir\u00e1n detenidos luego de que el juez de garant\u00edas Rom\u00e1n Parodi hiciera lugar al pedido de la fiscal Mar\u00eda del Valle Viviani y dictara la prisi\u00f3n preventiva de ambos.<\/p>\n\n\n\n<p>Los sospechosos permanecer\u00e1n detenido bajo la figura de arresto domiciliario debido a que los dos certificaron tener inconvenientes de salud.<\/p>\n\n\n\n<p>Turbaci\u00f3n de la Posesi\u00f3n (dos delitos), Coacci\u00f3n en grado de tentativa en concurso real, Extorci\u00f3n (dos delitos), Extorci\u00f3n en grado de tentativa en concurso real.<\/p>\n\n\n\n<p>En la presentaci\u00f3n el juzgado no hizo lugar al pedido de excarcelaci\u00f3n solicitado por el Dr. Mauricio Gugger, y adem\u00e1s decidi\u00f3 que tanto Cabaleyro como Esp\u00edndola permanezcan en los domicilios fijados bajo el seguimiento de una pulsera electr\u00f3nica.<\/p>\n","protected":false},"excerpt":{"rendered":"<p>El juez Rom\u00e1n Parodi hizo lugar a la solicitud de la fiscal Viviani y decidi\u00f3 que los dirigentes de Camioneros queden procesados y con graves cargos en su contra. La medida indica que seguir\u00e1n detenidos pero con arresto domiciliario. Los dirigentes del sindicato de Camioneros, Maximiliano Cabaleyro y Fernando Esp\u00edndola seguir\u00e1n detenidos luego de que [&hellip;]<\/p>\n","protected":false},"author":4,"featured_media":107106,"comment_status":"closed","ping_status":"closed","sticky":false,"template":"","format":"standard","meta":{"om_disable_all_campaigns":false,"_jetpack_memberships_contains_paid_content":false,"footnotes":""},"categories":[50,101,2],"tags":[197,696,33,19],"class_list":["post-107105","post","type-post","status-publish","format-standard","has-post-thumbnail","hentry","category-destacadas","category-interes-general-locales","category-locales","tag-buenos-aires","tag-interes-general","tag-locales","tag-san-pedro"],"aioseo_notices":[],"gutentor_comment":0,"jetpack_featured_media_url":"https:\/\/eldiariodesanpedro.com.ar\/sitio\/wp-content\/uploads\/2022\/05\/0000020908-resized-1920x1080-1.jpg","jetpack_shortlink":"https:\/\/wp.me\/p6RhLt-rRv","jetpack_sharing_enabled":true,"_links":{"self":[{"href":"https:\/\/eldiariodesanpedro.com.ar\/sitio\/wp-json\/wp\/v2\/posts\/107105","targetHints":{"allow":["GET"]}}],"collection":[{"href":"https:\/\/eldiariodesanpedro.com.ar\/sitio\/wp-json\/wp\/v2\/posts"}],"about":[{"href":"https:\/\/eldiariodesanpedro.com.ar\/sitio\/wp-json\/wp\/v2\/types\/post"}],"author":[{"embeddable":true,"href":"https:\/\/eldiariodesanpedro.com.ar\/sitio\/wp-json\/wp\/v2\/users\/4"}],"replies":[{"embeddable":true,"href":"https:\/\/eldiariodesanpedro.com.ar\/sitio\/wp-json\/wp\/v2\/comments?post=107105"}],"version-history":[{"count":1,"href":"https:\/\/eldiariodesanpedro.com.ar\/sitio\/wp-json\/wp\/v2\/posts\/107105\/revisions"}],"predecessor-version":[{"id":107107,"href":"https:\/\/eldiariodesanpedro.com.ar\/sitio\/wp-json\/wp\/v2\/posts\/107105\/revisions\/107107"}],"wp:featuredmedia":[{"embeddable":true,"href":"https:\/\/eldiariodesanpedro.com.ar\/sitio\/wp-json\/wp\/v2\/media\/107106"}],"wp:attachment":[{"href":"https:\/\/eldiariodesanpedro.com.ar\/sitio\/wp-json\/wp\/v2\/media?parent=107105"}],"wp:term":[{"taxonomy":"category","embeddable":true,"href":"https:\/\/eldiariodesanpedro.com.ar\/sitio\/wp-json\/wp\/v2\/categories?post=107105"},{"taxonomy":"post_tag","embeddable":true,"href":"https:\/\/eldiariodesanpedro.com.ar\/sitio\/wp-json\/wp\/v2\/tags?post=107105"}],"curies":[{"name":"wp","href":"https:\/\/api.w.org\/{rel}","templated":true}]}}