{"id":107102,"date":"2022-05-18T10:44:39","date_gmt":"2022-05-18T13:44:39","guid":{"rendered":"https:\/\/eldiariodesanpedro.com.ar\/sitio\/?p=107102"},"modified":"2022-05-18T10:44:39","modified_gmt":"2022-05-18T13:44:39","slug":"uta-anuncio-un-paro-de-colectivos-pero-garantizara-el-censo-2022","status":"publish","type":"post","link":"https:\/\/eldiariodesanpedro.com.ar\/sitio\/uta-anuncio-un-paro-de-colectivos-pero-garantizara-el-censo-2022\/","title":{"rendered":"UTA anunci\u00f3 un paro de colectivos, pero garantizar\u00e1 el censo 2022"},"content":{"rendered":"<!-- VideographyWP Plugin Message: Automatic video embedding prevented by plugin options. -->\n\n<p>El Gobierno no lleg\u00f3 a un acuerdo con la UTA y habr\u00e1 paro de colectivos por 72 horas en el interior, interrumpidas por el censo 2022. No afecta al AMBA.<\/p>\n\n\n\n<p>Desde la\u00a0Uni\u00f3n de Transportes Automotor (UTA)\u00a0anunciaron que no hubo acuerdo con el Gobierno Nacional y\u00a0convocaron a un\u00a0paro\u00a0de\u00a0transporte\u00a0a partir de las 00:00 de este martes por tres d\u00edas. Varias l\u00edneas de colectivos en el interior de la provincia de Buenos Aires no prestar\u00e1n servicio y se ver\u00e1n afectadas grandes ciudades del territorio bonaerense, menos el \u00c1rea Metropolitana de Buenos Aires (AMBA).<\/p>\n\n\n\n<p>La medida de fuerza&nbsp;fue anunciada por la central nacional, y comunicada a las distintas delegaciones regionales de la UTA en la tarde de este lunes, luego de una audiencia virtual con representantes del Gobierno Nacional.&nbsp;\u00abPedimos disculpas a todos los usuarios del transporte p\u00fablico, por esta situaci\u00f3n que es por dem\u00e1s inconveniente para todos y que s\u00f3lo causa malestar entre trabajadores, pasajeros y todas las familias que observan con zozobra esta situaci\u00f3n\u00bb, manifestaron en un comunicado.<\/p>\n\n\n\n<p>Una de las principales preocupaciones ten\u00eda que ver con el desarrollo del censo:<strong>\u00a0se hab\u00eda anunciado que los censistas\u00a0tendr\u00edan transporte p\u00fablico gratuito\u00a0durante el mi\u00e9rcoles. Con el cese de actividades, quedar\u00edan afectados los colectivos y no podr\u00edan transportarse<\/strong>.<\/p>\n\n\n\n<p>Sin embargo,\u00a0<strong>fuentes de la UTA se\u00f1alaron a INFOCIELO que el paro se realizar\u00e1 de manera interrumpida: martes, jueves y viernes<\/strong>, y trabajar\u00edan el mi\u00e9rcoles para garantizar la realizaci\u00f3n normal del\u00a0censo 2022. El reclamo tiene que ver con un aumento salarial que hab\u00eda sido otorgado a trabajadores del \u00c1rea Metropolitana de Buenos Aires (AMBA), pero que no se reflej\u00f3 en el resto del pa\u00eds.<\/p>\n\n\n\n<p>INFOCIELO<\/p>\n","protected":false},"excerpt":{"rendered":"<p>El Gobierno no lleg\u00f3 a un acuerdo con la UTA y habr\u00e1 paro de colectivos por 72 horas en el interior, interrumpidas por el censo 2022. No afecta al AMBA. Desde la\u00a0Uni\u00f3n de Transportes Automotor (UTA)\u00a0anunciaron que no hubo acuerdo con el Gobierno Nacional y\u00a0convocaron a un\u00a0paro\u00a0de\u00a0transporte\u00a0a partir de las 00:00 de este martes por [&hellip;]<\/p>\n","protected":false},"author":4,"featured_media":107103,"comment_status":"closed","ping_status":"closed","sticky":false,"template":"","format":"standard","meta":{"om_disable_all_campaigns":false,"_jetpack_memberships_contains_paid_content":false,"footnotes":""},"categories":[50,101,2],"tags":[197,696,33,19],"class_list":["post-107102","post","type-post","status-publish","format-standard","has-post-thumbnail","hentry","category-destacadas","category-interes-general-locales","category-locales","tag-buenos-aires","tag-interes-general","tag-locales","tag-san-pedro"],"aioseo_notices":[],"gutentor_comment":0,"jetpack_featured_media_url":"https:\/\/eldiariodesanpedro.com.ar\/sitio\/wp-content\/uploads\/2022\/05\/0000020907-resized-1920x1080-1.jpg","jetpack_shortlink":"https:\/\/wp.me\/p6RhLt-rRs","jetpack_sharing_enabled":true,"_links":{"self":[{"href":"https:\/\/eldiariodesanpedro.com.ar\/sitio\/wp-json\/wp\/v2\/posts\/107102","targetHints":{"allow":["GET"]}}],"collection":[{"href":"https:\/\/eldiariodesanpedro.com.ar\/sitio\/wp-json\/wp\/v2\/posts"}],"about":[{"href":"https:\/\/eldiariodesanpedro.com.ar\/sitio\/wp-json\/wp\/v2\/types\/post"}],"author":[{"embeddable":true,"href":"https:\/\/eldiariodesanpedro.com.ar\/sitio\/wp-json\/wp\/v2\/users\/4"}],"replies":[{"embeddable":true,"href":"https:\/\/eldiariodesanpedro.com.ar\/sitio\/wp-json\/wp\/v2\/comments?post=107102"}],"version-history":[{"count":1,"href":"https:\/\/eldiariodesanpedro.com.ar\/sitio\/wp-json\/wp\/v2\/posts\/107102\/revisions"}],"predecessor-version":[{"id":107104,"href":"https:\/\/eldiariodesanpedro.com.ar\/sitio\/wp-json\/wp\/v2\/posts\/107102\/revisions\/107104"}],"wp:featuredmedia":[{"embeddable":true,"href":"https:\/\/eldiariodesanpedro.com.ar\/sitio\/wp-json\/wp\/v2\/media\/107103"}],"wp:attachment":[{"href":"https:\/\/eldiariodesanpedro.com.ar\/sitio\/wp-json\/wp\/v2\/media?parent=107102"}],"wp:term":[{"taxonomy":"category","embeddable":true,"href":"https:\/\/eldiariodesanpedro.com.ar\/sitio\/wp-json\/wp\/v2\/categories?post=107102"},{"taxonomy":"post_tag","embeddable":true,"href":"https:\/\/eldiariodesanpedro.com.ar\/sitio\/wp-json\/wp\/v2\/tags?post=107102"}],"curies":[{"name":"wp","href":"https:\/\/api.w.org\/{rel}","templated":true}]}}