{"id":107099,"date":"2022-05-18T10:39:41","date_gmt":"2022-05-18T13:39:41","guid":{"rendered":"https:\/\/eldiariodesanpedro.com.ar\/sitio\/?p=107099"},"modified":"2022-05-18T10:39:42","modified_gmt":"2022-05-18T13:39:42","slug":"ayer-dia-de-alegatos-en-el-juicio-por-presuntos-abusos-en-el-jardin-belen","status":"publish","type":"post","link":"https:\/\/eldiariodesanpedro.com.ar\/sitio\/ayer-dia-de-alegatos-en-el-juicio-por-presuntos-abusos-en-el-jardin-belen\/","title":{"rendered":"Ayer d\u00eda de alegatos en el juicio por presuntos abusos en el Jard\u00edn Bel\u00e9n"},"content":{"rendered":"<!-- VideographyWP Plugin Message: Automatic video embedding prevented by plugin options. -->\n\n<p>Luego de una semana de extensas audiencias, la Fiscal\u00eda y las defensas expusieron sus posiciones durante la ma\u00f1ana del lunes, ambas partes intentan convencer al tribunal. La semana pr\u00f3xima se conocer\u00e1 el resultado.<\/p>\n\n\n\n<p>Un sacerdote, un portero y una preceptora comenzaron a ser juzgados el lunes de la semana en el Tribunal Criminal N\u00ba 2 de San Nicol\u00e1s. Est\u00e1n acusados de haber abusado sexualmente en 2017 de cinco ni\u00f1os de entre 3 y 4 a\u00f1os en el jard\u00edn de infantes Bel\u00e9n, de la localidad de San Pedro, donde el cura se desempe\u00f1aba como representante legal.<\/p>\n\n\n\n<p>Se trata del sacerdote Tulio Matiussi, de 48 a\u00f1os; el exportero Anselmo Ojeda (de 60) -el \u00fanico que contin\u00faa detenido con prisi\u00f3n domiciliaria- y la preceptora Mar\u00eda Luj\u00e1n Rub\u00edes (53), quienes llegan a juicio por \u00ababuso sexual simple agravado por la calidad de sus autores\u00bb, por tener a su cargo la guarda de los menores afectados y, en el primero de los casos, por ser un ministro de culto.<\/p>\n\n\n\n<p>La alegaci\u00f3n es el acto mediante el cual cualquiera de las partes, en apoyo de una determinada petici\u00f3n, afirma o niega la existencia de un hecho o la aplicaci\u00f3n de la prueba, aparece como el contenido m\u00ednimo de ese particular acto procesal.<\/p>\n\n\n\n<p>A partir de all\u00ed inicia el plazo para que los jueces Mar\u00eda Elena Baquedano, Alejandro Gabriel L\u00f3pez y Mar\u00eda Bel\u00e9n Ocariz den a conocer su veredicto.<\/p>\n\n\n\n<p>FUENTE: EL INFORMANTE<\/p>\n","protected":false},"excerpt":{"rendered":"<p>Luego de una semana de extensas audiencias, la Fiscal\u00eda y las defensas expusieron sus posiciones durante la ma\u00f1ana del lunes, ambas partes intentan convencer al tribunal. La semana pr\u00f3xima se conocer\u00e1 el resultado. Un sacerdote, un portero y una preceptora comenzaron a ser juzgados el lunes de la semana en el Tribunal Criminal N\u00ba 2 [&hellip;]<\/p>\n","protected":false},"author":4,"featured_media":107100,"comment_status":"closed","ping_status":"closed","sticky":false,"template":"","format":"standard","meta":{"om_disable_all_campaigns":false,"_jetpack_memberships_contains_paid_content":false,"footnotes":""},"categories":[50,101,2],"tags":[197,696,33,19],"class_list":["post-107099","post","type-post","status-publish","format-standard","has-post-thumbnail","hentry","category-destacadas","category-interes-general-locales","category-locales","tag-buenos-aires","tag-interes-general","tag-locales","tag-san-pedro"],"aioseo_notices":[],"gutentor_comment":0,"jetpack_featured_media_url":"https:\/\/eldiariodesanpedro.com.ar\/sitio\/wp-content\/uploads\/2022\/05\/0000020906-resized-1920x1080-1.jpg","jetpack_shortlink":"https:\/\/wp.me\/p6RhLt-rRp","jetpack_sharing_enabled":true,"_links":{"self":[{"href":"https:\/\/eldiariodesanpedro.com.ar\/sitio\/wp-json\/wp\/v2\/posts\/107099","targetHints":{"allow":["GET"]}}],"collection":[{"href":"https:\/\/eldiariodesanpedro.com.ar\/sitio\/wp-json\/wp\/v2\/posts"}],"about":[{"href":"https:\/\/eldiariodesanpedro.com.ar\/sitio\/wp-json\/wp\/v2\/types\/post"}],"author":[{"embeddable":true,"href":"https:\/\/eldiariodesanpedro.com.ar\/sitio\/wp-json\/wp\/v2\/users\/4"}],"replies":[{"embeddable":true,"href":"https:\/\/eldiariodesanpedro.com.ar\/sitio\/wp-json\/wp\/v2\/comments?post=107099"}],"version-history":[{"count":1,"href":"https:\/\/eldiariodesanpedro.com.ar\/sitio\/wp-json\/wp\/v2\/posts\/107099\/revisions"}],"predecessor-version":[{"id":107101,"href":"https:\/\/eldiariodesanpedro.com.ar\/sitio\/wp-json\/wp\/v2\/posts\/107099\/revisions\/107101"}],"wp:featuredmedia":[{"embeddable":true,"href":"https:\/\/eldiariodesanpedro.com.ar\/sitio\/wp-json\/wp\/v2\/media\/107100"}],"wp:attachment":[{"href":"https:\/\/eldiariodesanpedro.com.ar\/sitio\/wp-json\/wp\/v2\/media?parent=107099"}],"wp:term":[{"taxonomy":"category","embeddable":true,"href":"https:\/\/eldiariodesanpedro.com.ar\/sitio\/wp-json\/wp\/v2\/categories?post=107099"},{"taxonomy":"post_tag","embeddable":true,"href":"https:\/\/eldiariodesanpedro.com.ar\/sitio\/wp-json\/wp\/v2\/tags?post=107099"}],"curies":[{"name":"wp","href":"https:\/\/api.w.org\/{rel}","templated":true}]}}