{"id":107095,"date":"2022-05-17T18:26:59","date_gmt":"2022-05-17T21:26:59","guid":{"rendered":"https:\/\/eldiariodesanpedro.com.ar\/sitio\/?p=107095"},"modified":"2022-05-17T18:27:00","modified_gmt":"2022-05-17T21:27:00","slug":"participacion-en-el-encuentro-regional-de-cultura","status":"publish","type":"post","link":"https:\/\/eldiariodesanpedro.com.ar\/sitio\/participacion-en-el-encuentro-regional-de-cultura\/","title":{"rendered":"Participaci\u00f3n en el Encuentro Regional de Cultura"},"content":{"rendered":"<!-- VideographyWP Plugin Message: Automatic video embedding prevented by plugin options. -->\n\n<p>El Intendente Municipal Dr. Ram\u00f3n Salazar y la Secretaria de Turismo y Cultura de la Municipalidad de San Pedro Marcela Cu\u00f1er, representantes del \u00e1rea y del Museo Hist\u00f3rico, participaron este lunes por la tarde en Carmen de Areco del segundo Encuentro Regional de Cultura, encabezado por el Gobernador Axel Kicillof.<\/p>\n\n\n\n<p>La actividad fue organizada por el Instituto Cultural de la Provincia de Buenos Aires que promueve actividades en todos los distritos del interior bonaerense y a trav\u00e9s del cual se comparten con la comunidad iniciativas que acercan diferentes expresiones culturales de gran calidad, de manera libre y gratuita.<\/p>\n\n\n\n<p>Se propusieron tres mesas de trabajo con temas predeterminados alrededor de la consigna \u201cPol\u00edticas Culturales para la Identidad Bonaerense\u201d coordinadas por representantes del Instituto.<\/p>\n\n\n\n<p>San Pedro present\u00f3 su extensa agenda de actividades, una revisi\u00f3n de todo lo que se viene haciendo y la disponibilidad de espacios ideales para canalizar propuestas de este tipo como el Centro Cultural, el Teatro Siripo. el Centro Cultural Casella y la sala El Cuadril\u00e1tero entre otros , adem\u00e1s de la interacci\u00f3n con diferentes espacios privados que tambi\u00e9n se abren a estas convocatorias.<\/p>\n\n\n\n<p>Los Intendentes tuvieron la oportunidad de mantener una reuni\u00f3n espec\u00edfica y luego recibieron al Gobernador de la Provincia.<\/p>\n\n\n\n<p>Adem\u00e1s del municipio anfitri\u00f3n Carmen de Areco y de San Pedro, estuvieron representados los municipios de Alberti, Arrecifes, Baradero, Capit\u00e1n Sarmiento, Chivilcoy, Col\u00f3n, Escobar, Exaltaci\u00f3n de la Cruz, General Rodr\u00edguez, Luj\u00e1n, Pergamino, Pilar, Ramallo, Rojas, Salto, San Andr\u00e9s de Giles, San Antonio de Areco, San Nicol\u00e1s de los Arroyos, Suipacha y Z\u00e1rate.<\/p>\n\n\n\n<figure class=\"wp-block-image size-full\"><img decoding=\"async\" width=\"945\" height=\"630\" data-attachment-id=\"107096\" data-permalink=\"https:\/\/eldiariodesanpedro.com.ar\/sitio\/participacion-en-el-encuentro-regional-de-cultura\/whatsapp-image-2022-05-16-at-7-41-06-pm\/\" data-orig-file=\"https:\/\/eldiariodesanpedro.com.ar\/sitio\/wp-content\/uploads\/2022\/05\/WhatsApp-Image-2022-05-16-at-7.41.06-PM.jpeg\" data-orig-size=\"945,630\" data-comments-opened=\"0\" data-image-meta=\"{&quot;aperture&quot;:&quot;0&quot;,&quot;credit&quot;:&quot;&quot;,&quot;camera&quot;:&quot;&quot;,&quot;caption&quot;:&quot;&quot;,&quot;created_timestamp&quot;:&quot;0&quot;,&quot;copyright&quot;:&quot;&quot;,&quot;focal_length&quot;:&quot;0&quot;,&quot;iso&quot;:&quot;0&quot;,&quot;shutter_speed&quot;:&quot;0&quot;,&quot;title&quot;:&quot;&quot;,&quot;orientation&quot;:&quot;0&quot;}\" data-image-title=\"WhatsApp Image 2022-05-16 at 7.41.06 PM\" data-image-description=\"\" data-image-caption=\"\" data-large-file=\"https:\/\/eldiariodesanpedro.com.ar\/sitio\/wp-content\/uploads\/2022\/05\/WhatsApp-Image-2022-05-16-at-7.41.06-PM.jpeg\" data-src=\"https:\/\/eldiariodesanpedro.com.ar\/sitio\/wp-content\/uploads\/2022\/05\/WhatsApp-Image-2022-05-16-at-7.41.06-PM.jpeg\" alt=\"\" class=\"wp-image-107096 lazyload\" data-srcset=\"https:\/\/eldiariodesanpedro.com.ar\/sitio\/wp-content\/uploads\/2022\/05\/WhatsApp-Image-2022-05-16-at-7.41.06-PM.jpeg 945w, https:\/\/eldiariodesanpedro.com.ar\/sitio\/wp-content\/uploads\/2022\/05\/WhatsApp-Image-2022-05-16-at-7.41.06-PM-300x200.jpeg 300w, https:\/\/eldiariodesanpedro.com.ar\/sitio\/wp-content\/uploads\/2022\/05\/WhatsApp-Image-2022-05-16-at-7.41.06-PM-768x512.jpeg 768w\" data-sizes=\"(max-width: 945px) 100vw, 945px\" src=\"data:image\/svg+xml;base64,PHN2ZyB3aWR0aD0iMSIgaGVpZ2h0PSIxIiB4bWxucz0iaHR0cDovL3d3dy53My5vcmcvMjAwMC9zdmciPjwvc3ZnPg==\" style=\"--smush-placeholder-width: 945px; --smush-placeholder-aspect-ratio: 945\/630;\" \/><\/figure>\n","protected":false},"excerpt":{"rendered":"<p>El Intendente Municipal Dr. Ram\u00f3n Salazar y la Secretaria de Turismo y Cultura de la Municipalidad de San Pedro Marcela Cu\u00f1er, representantes del \u00e1rea y del Museo Hist\u00f3rico, participaron este lunes por la tarde en Carmen de Areco del segundo Encuentro Regional de Cultura, encabezado por el Gobernador Axel Kicillof. La actividad fue organizada por [&hellip;]<\/p>\n","protected":false},"author":4,"featured_media":107097,"comment_status":"closed","ping_status":"closed","sticky":false,"template":"","format":"standard","meta":{"om_disable_all_campaigns":false,"_jetpack_memberships_contains_paid_content":false,"footnotes":""},"categories":[50,101,2],"tags":[197,33,19],"class_list":["post-107095","post","type-post","status-publish","format-standard","has-post-thumbnail","hentry","category-destacadas","category-interes-general-locales","category-locales","tag-buenos-aires","tag-locales","tag-san-pedro"],"aioseo_notices":[],"gutentor_comment":0,"jetpack_featured_media_url":"https:\/\/eldiariodesanpedro.com.ar\/sitio\/wp-content\/uploads\/2022\/05\/WhatsApp-Image-2022-05-16-at-7.41.06-PM-1.jpeg","jetpack_shortlink":"https:\/\/wp.me\/p6RhLt-rRl","jetpack_sharing_enabled":true,"_links":{"self":[{"href":"https:\/\/eldiariodesanpedro.com.ar\/sitio\/wp-json\/wp\/v2\/posts\/107095","targetHints":{"allow":["GET"]}}],"collection":[{"href":"https:\/\/eldiariodesanpedro.com.ar\/sitio\/wp-json\/wp\/v2\/posts"}],"about":[{"href":"https:\/\/eldiariodesanpedro.com.ar\/sitio\/wp-json\/wp\/v2\/types\/post"}],"author":[{"embeddable":true,"href":"https:\/\/eldiariodesanpedro.com.ar\/sitio\/wp-json\/wp\/v2\/users\/4"}],"replies":[{"embeddable":true,"href":"https:\/\/eldiariodesanpedro.com.ar\/sitio\/wp-json\/wp\/v2\/comments?post=107095"}],"version-history":[{"count":1,"href":"https:\/\/eldiariodesanpedro.com.ar\/sitio\/wp-json\/wp\/v2\/posts\/107095\/revisions"}],"predecessor-version":[{"id":107098,"href":"https:\/\/eldiariodesanpedro.com.ar\/sitio\/wp-json\/wp\/v2\/posts\/107095\/revisions\/107098"}],"wp:featuredmedia":[{"embeddable":true,"href":"https:\/\/eldiariodesanpedro.com.ar\/sitio\/wp-json\/wp\/v2\/media\/107097"}],"wp:attachment":[{"href":"https:\/\/eldiariodesanpedro.com.ar\/sitio\/wp-json\/wp\/v2\/media?parent=107095"}],"wp:term":[{"taxonomy":"category","embeddable":true,"href":"https:\/\/eldiariodesanpedro.com.ar\/sitio\/wp-json\/wp\/v2\/categories?post=107095"},{"taxonomy":"post_tag","embeddable":true,"href":"https:\/\/eldiariodesanpedro.com.ar\/sitio\/wp-json\/wp\/v2\/tags?post=107095"}],"curies":[{"name":"wp","href":"https:\/\/api.w.org\/{rel}","templated":true}]}}