{"id":107092,"date":"2022-05-17T18:19:06","date_gmt":"2022-05-17T21:19:06","guid":{"rendered":"https:\/\/eldiariodesanpedro.com.ar\/sitio\/?p=107092"},"modified":"2022-05-17T18:19:07","modified_gmt":"2022-05-17T21:19:07","slug":"reunion-con-la-coordinadora-de-la-region-pampeana-del-sistema-nacional-del-manejo-del-fuego","status":"publish","type":"post","link":"https:\/\/eldiariodesanpedro.com.ar\/sitio\/reunion-con-la-coordinadora-de-la-region-pampeana-del-sistema-nacional-del-manejo-del-fuego\/","title":{"rendered":"Reuni\u00f3n con la Coordinadora de la Regi\u00f3n Pampeana del Sistema Nacional del Manejo del Fuego"},"content":{"rendered":"<!-- VideographyWP Plugin Message: Automatic video embedding prevented by plugin options. -->\n\n<p>Este lunes visit\u00f3 la ciudad la Coordinadora de la Regi\u00f3n Pampeana del Sistema Nacional del Manejo del Fuego Florencia Tu\u00f1\u00f3n con el fin de iniciar gestiones de articulaci\u00f3n para un abordaje integral de la problem\u00e1tica de los incendios de humedales.<\/p>\n\n\n\n<p>La funcionaria fue recibida por el Secretario de Desarrollo Econ\u00f3mico Mart\u00edn Baraybar, el Director de Defensa Civil Fabio Giovanettoni, el Director de Ambiente Gustavo Sol\u00e1 y el Presidente del Bloque de Concejales del Frente de Todos Juan Cruz Gonz\u00e1lez.<\/p>\n\n\n\n<p>Entre los temas tratados, se inform\u00f3 sobre el desarrollo de los trabajo que se vienen realizando desde el Ministerio de Ambiente y Desarrollo Sostenible de la Naci\u00f3n y se puso a disposici\u00f3n del municipio para brindar capacitaci\u00f3n t\u00e9cnica y sobre la legislaci\u00f3n vigente en algunos municipios de las Provincias de Buenos Aires y Entre R\u00edos.<\/p>\n\n\n\n<p>Se continuar\u00e1n realizando este tipo de encuentros para avanzar en el tratamiento y desarrollo de la tem\u00e1tica.<\/p>\n","protected":false},"excerpt":{"rendered":"<p>Este lunes visit\u00f3 la ciudad la Coordinadora de la Regi\u00f3n Pampeana del Sistema Nacional del Manejo del Fuego Florencia Tu\u00f1\u00f3n con el fin de iniciar gestiones de articulaci\u00f3n para un abordaje integral de la problem\u00e1tica de los incendios de humedales. La funcionaria fue recibida por el Secretario de Desarrollo Econ\u00f3mico Mart\u00edn Baraybar, el Director de [&hellip;]<\/p>\n","protected":false},"author":4,"featured_media":107093,"comment_status":"closed","ping_status":"closed","sticky":false,"template":"","format":"standard","meta":{"om_disable_all_campaigns":false,"_jetpack_memberships_contains_paid_content":false,"footnotes":""},"categories":[101,2],"tags":[197,696,33,19],"class_list":["post-107092","post","type-post","status-publish","format-standard","has-post-thumbnail","hentry","category-interes-general-locales","category-locales","tag-buenos-aires","tag-interes-general","tag-locales","tag-san-pedro"],"aioseo_notices":[],"gutentor_comment":0,"jetpack_featured_media_url":"https:\/\/eldiariodesanpedro.com.ar\/sitio\/wp-content\/uploads\/2022\/05\/Incendios-2.jpg","jetpack_shortlink":"https:\/\/wp.me\/p6RhLt-rRi","jetpack_sharing_enabled":true,"_links":{"self":[{"href":"https:\/\/eldiariodesanpedro.com.ar\/sitio\/wp-json\/wp\/v2\/posts\/107092","targetHints":{"allow":["GET"]}}],"collection":[{"href":"https:\/\/eldiariodesanpedro.com.ar\/sitio\/wp-json\/wp\/v2\/posts"}],"about":[{"href":"https:\/\/eldiariodesanpedro.com.ar\/sitio\/wp-json\/wp\/v2\/types\/post"}],"author":[{"embeddable":true,"href":"https:\/\/eldiariodesanpedro.com.ar\/sitio\/wp-json\/wp\/v2\/users\/4"}],"replies":[{"embeddable":true,"href":"https:\/\/eldiariodesanpedro.com.ar\/sitio\/wp-json\/wp\/v2\/comments?post=107092"}],"version-history":[{"count":1,"href":"https:\/\/eldiariodesanpedro.com.ar\/sitio\/wp-json\/wp\/v2\/posts\/107092\/revisions"}],"predecessor-version":[{"id":107094,"href":"https:\/\/eldiariodesanpedro.com.ar\/sitio\/wp-json\/wp\/v2\/posts\/107092\/revisions\/107094"}],"wp:featuredmedia":[{"embeddable":true,"href":"https:\/\/eldiariodesanpedro.com.ar\/sitio\/wp-json\/wp\/v2\/media\/107093"}],"wp:attachment":[{"href":"https:\/\/eldiariodesanpedro.com.ar\/sitio\/wp-json\/wp\/v2\/media?parent=107092"}],"wp:term":[{"taxonomy":"category","embeddable":true,"href":"https:\/\/eldiariodesanpedro.com.ar\/sitio\/wp-json\/wp\/v2\/categories?post=107092"},{"taxonomy":"post_tag","embeddable":true,"href":"https:\/\/eldiariodesanpedro.com.ar\/sitio\/wp-json\/wp\/v2\/tags?post=107092"}],"curies":[{"name":"wp","href":"https:\/\/api.w.org\/{rel}","templated":true}]}}