{"id":107084,"date":"2022-05-17T18:08:10","date_gmt":"2022-05-17T21:08:10","guid":{"rendered":"https:\/\/eldiariodesanpedro.com.ar\/sitio\/?p=107084"},"modified":"2022-05-17T18:15:05","modified_gmt":"2022-05-17T21:15:05","slug":"una-mujer-rescatada-por-la-policia-cuando-era-golpeada-y-amenazada-por-su-pareja","status":"publish","type":"post","link":"https:\/\/eldiariodesanpedro.com.ar\/sitio\/una-mujer-rescatada-por-la-policia-cuando-era-golpeada-y-amenazada-por-su-pareja\/","title":{"rendered":"Una mujer rescatada por la polic\u00eda cuando era golpeada y amenazada por su pareja"},"content":{"rendered":"<!-- VideographyWP Plugin Message: Automatic video embedding prevented by plugin options. -->\n\n<p>El hecho ocurri\u00f3 antes del mediod\u00eda de hoy martes en una vivienda ubicada en calle Facundo Quiroga al 1100, donde se hicieron presentes dos m\u00f3viles policiales para rescatar a una mujer que seg\u00fan una denuncia an\u00f3nima telef\u00f3nica se encontraba cautiva por un masculino dentro de un domicilio amenazada de muerte y siendo golpeada.<\/p>\n\n\n\n<p>Al momento de la presencia de los efectivos policiales lograron rescatar a esta mujer que justo en ese momento estaba siendo agredida f\u00edsicamente por el masculino, que adem\u00e1s trat\u00f3 de darse a la fuga siendo aprehendido luego.<\/p>\n\n\n\n<p>La mujer sufri\u00f3 herida leves y fue trasladada a la Comisaria de la Mujer y la Familia donde radic\u00f3 la correspondiente denuncia.<\/p>\n\n\n\n<p>En la denuncia declar\u00f3 que no se encontraba cautiva como tal, pero si amenazada de que si sal\u00eda iba a ser golpeada por lo que estaba asustada.<\/p>\n\n\n\n<iframe data-src=\"https:\/\/www.facebook.com\/plugins\/video.php?height=314&#038;href=https%3A%2F%2Fwww.facebook.com%2Fdiariosp2%2Fvideos%2F1055150185400181%2F&#038;show_text=false&#038;width=560&#038;t=0\" width=\"560\" height=\"314\" style=\"border:none;overflow:hidden\" scrolling=\"no\" frameborder=\"0\" allowfullscreen=\"true\" allow=\"autoplay; clipboard-write; encrypted-media; picture-in-picture; web-share\" allowFullScreen=\"true\" src=\"data:image\/svg+xml;base64,PHN2ZyB3aWR0aD0iMSIgaGVpZ2h0PSIxIiB4bWxucz0iaHR0cDovL3d3dy53My5vcmcvMjAwMC9zdmciPjwvc3ZnPg==\" class=\"lazyload\" data-load-mode=\"1\"><\/iframe>\n","protected":false},"excerpt":{"rendered":"<p>El hecho ocurri\u00f3 antes del mediod\u00eda de hoy martes en una vivienda ubicada en calle Facundo Quiroga al 1100, donde se hicieron presentes dos m\u00f3viles policiales para rescatar a una mujer que seg\u00fan una denuncia an\u00f3nima telef\u00f3nica se encontraba cautiva por un masculino dentro de un domicilio amenazada de muerte y siendo golpeada. Al momento [&hellip;]<\/p>\n","protected":false},"author":4,"featured_media":107086,"comment_status":"closed","ping_status":"closed","sticky":false,"template":"","format":"standard","meta":{"om_disable_all_campaigns":false,"_jetpack_memberships_contains_paid_content":false,"footnotes":""},"categories":[50,2,103],"tags":[197,33,95,19],"class_list":["post-107084","post","type-post","status-publish","format-standard","has-post-thumbnail","hentry","category-destacadas","category-locales","category-policiales-locales","tag-buenos-aires","tag-locales","tag-policiales","tag-san-pedro"],"aioseo_notices":[],"gutentor_comment":0,"jetpack_featured_media_url":"https:\/\/eldiariodesanpedro.com.ar\/sitio\/wp-content\/uploads\/2022\/05\/20220517_123240.jpg","jetpack_shortlink":"https:\/\/wp.me\/p6RhLt-rRa","jetpack_sharing_enabled":true,"_links":{"self":[{"href":"https:\/\/eldiariodesanpedro.com.ar\/sitio\/wp-json\/wp\/v2\/posts\/107084","targetHints":{"allow":["GET"]}}],"collection":[{"href":"https:\/\/eldiariodesanpedro.com.ar\/sitio\/wp-json\/wp\/v2\/posts"}],"about":[{"href":"https:\/\/eldiariodesanpedro.com.ar\/sitio\/wp-json\/wp\/v2\/types\/post"}],"author":[{"embeddable":true,"href":"https:\/\/eldiariodesanpedro.com.ar\/sitio\/wp-json\/wp\/v2\/users\/4"}],"replies":[{"embeddable":true,"href":"https:\/\/eldiariodesanpedro.com.ar\/sitio\/wp-json\/wp\/v2\/comments?post=107084"}],"version-history":[{"count":2,"href":"https:\/\/eldiariodesanpedro.com.ar\/sitio\/wp-json\/wp\/v2\/posts\/107084\/revisions"}],"predecessor-version":[{"id":107090,"href":"https:\/\/eldiariodesanpedro.com.ar\/sitio\/wp-json\/wp\/v2\/posts\/107084\/revisions\/107090"}],"wp:featuredmedia":[{"embeddable":true,"href":"https:\/\/eldiariodesanpedro.com.ar\/sitio\/wp-json\/wp\/v2\/media\/107086"}],"wp:attachment":[{"href":"https:\/\/eldiariodesanpedro.com.ar\/sitio\/wp-json\/wp\/v2\/media?parent=107084"}],"wp:term":[{"taxonomy":"category","embeddable":true,"href":"https:\/\/eldiariodesanpedro.com.ar\/sitio\/wp-json\/wp\/v2\/categories?post=107084"},{"taxonomy":"post_tag","embeddable":true,"href":"https:\/\/eldiariodesanpedro.com.ar\/sitio\/wp-json\/wp\/v2\/tags?post=107084"}],"curies":[{"name":"wp","href":"https:\/\/api.w.org\/{rel}","templated":true}]}}