{"id":10708,"date":"2016-11-25T19:09:03","date_gmt":"2016-11-25T22:09:03","guid":{"rendered":"https:\/\/eldiariodesanpedro.com.ar\/sitio\/?p=10708"},"modified":"2016-11-25T19:09:03","modified_gmt":"2016-11-25T22:09:03","slug":"exaltacion-de-la-cruz-liberan-a-unos-169-santiaguenos-victimas-de-trabajo-esclavo","status":"publish","type":"post","link":"https:\/\/eldiariodesanpedro.com.ar\/sitio\/exaltacion-de-la-cruz-liberan-a-unos-169-santiaguenos-victimas-de-trabajo-esclavo\/","title":{"rendered":"EXALTACI\u00d3N DE LA CRUZ: Liberan a unos 169 santiague\u00f1os v\u00edctimas de trabajo esclavo"},"content":{"rendered":"<p><!-- VideographyWP Plugin Message: Automatic video embedding prevented by plugin options. --><br \/>\nUn operativo conjunto del Ministerio de Trabajo de la provincia de Buenos Aires y el Renatre detect\u00f3 ayer la situaci\u00f3n inhumana en la que viv\u00edan esclavizados 169 trabajadores rurales oriundos de Santiago del Estero, en la localidad bonaerense de Arroyo de la Cruz, partido de Exaltaci\u00f3n de Cruz.<\/p>\n<p>El Ministerio de Trabajo de la Provincia inform\u00f3 a T\u00e9lam que se encontraron irregularidades en dos predios de cosecha de ar\u00e1ndanos sobre la ruta 192 kil\u00f3metro 3,800 de la localidad de Exaltaci\u00f3n de la cruz, los cuales albergaban a 104 y 65 personas, respectivamente.<\/p>\n<p>Los 169 trabajadores, oriundos de Santiago del Estero, ser\u00e1n trasladados a su lugar de origen, mientras que las labores en los predios quedaron suspendidas hasta resolver la situaci\u00f3n con la firma propietaria.<\/p>\n<p>El ministro de Seguridad bonaerense, Cristian Ritondo, quien estuvo en el lugar, explic\u00f3 que \u00abestas formas inhumanas de trabajo terminan en accidentes fatales y es nuestra responsabilidad cuidar las vidas, no permitir este trato es tambi\u00e9n brindar seguridad\u00bb.<\/p>\n<p>Consider\u00f3 como \u201cun gran trabajo que han hecho los dos ministerios de Trabajo, el de Naci\u00f3n y el de la provincia de Buenos Aires, con una denuncia de la UATRE, y que r\u00e1pidamente hizo que ubiquemos el lugar\u00bb.<\/p>\n<p>\u201cHab\u00eda trabajadores que cuando se enfermaban los sub\u00edan a un micro y los mandaban de nuevo a sus casas y otros que dorm\u00edan en cartones arriba del pasto, por ejemplo\u201d, grafic\u00f3.<\/p>\n<p>Agreg\u00f3 que \u201cestas tambi\u00e9n son algunas de las mafias de las que hablamos, que especulan con los trabajadores, con los m\u00e1s humildes, que se alejan de sus familias y vienen hasta ac\u00e1 para trabajar dignamente, pero que terminan sufriendo y viviendo de la peor manera. Esto indigna profundamente\u201d.<\/p>\n<p>Seg\u00fan inform\u00f3 las autoridades radicaron la correspondiente denuncia, que recay\u00f3 en el Juzgado Federal de Campana a cargo de Adri\u00e1n Gonzalez Charvay. <\/p>\n","protected":false},"excerpt":{"rendered":"<p>Un operativo conjunto del Ministerio de Trabajo de la provincia de Buenos Aires y el Renatre detect\u00f3 ayer la situaci\u00f3n inhumana en la que viv\u00edan esclavizados 169 trabajadores rurales oriundos de Santiago del Estero, en la localidad bonaerense de Arroyo de la Cruz, partido de Exaltaci\u00f3n de Cruz. El Ministerio de Trabajo de la Provincia [&hellip;]<\/p>\n","protected":false},"author":4,"featured_media":10709,"comment_status":"open","ping_status":"closed","sticky":false,"template":"","format":"standard","meta":{"om_disable_all_campaigns":false,"_jetpack_memberships_contains_paid_content":false,"footnotes":""},"categories":[621],"tags":[],"class_list":["post-10708","post","type-post","status-publish","format-standard","has-post-thumbnail","hentry","category-regionales"],"aioseo_notices":[],"gutentor_comment":0,"jetpack_featured_media_url":"https:\/\/eldiariodesanpedro.com.ar\/sitio\/wp-content\/uploads\/2016\/11\/El-ministro-Ritondo-se-entrevist\u00f3-con-los-trabajadores-rurales.jpg","jetpack_shortlink":"https:\/\/wp.me\/p6RhLt-2MI","jetpack_sharing_enabled":true,"_links":{"self":[{"href":"https:\/\/eldiariodesanpedro.com.ar\/sitio\/wp-json\/wp\/v2\/posts\/10708","targetHints":{"allow":["GET"]}}],"collection":[{"href":"https:\/\/eldiariodesanpedro.com.ar\/sitio\/wp-json\/wp\/v2\/posts"}],"about":[{"href":"https:\/\/eldiariodesanpedro.com.ar\/sitio\/wp-json\/wp\/v2\/types\/post"}],"author":[{"embeddable":true,"href":"https:\/\/eldiariodesanpedro.com.ar\/sitio\/wp-json\/wp\/v2\/users\/4"}],"replies":[{"embeddable":true,"href":"https:\/\/eldiariodesanpedro.com.ar\/sitio\/wp-json\/wp\/v2\/comments?post=10708"}],"version-history":[{"count":1,"href":"https:\/\/eldiariodesanpedro.com.ar\/sitio\/wp-json\/wp\/v2\/posts\/10708\/revisions"}],"predecessor-version":[{"id":10710,"href":"https:\/\/eldiariodesanpedro.com.ar\/sitio\/wp-json\/wp\/v2\/posts\/10708\/revisions\/10710"}],"wp:featuredmedia":[{"embeddable":true,"href":"https:\/\/eldiariodesanpedro.com.ar\/sitio\/wp-json\/wp\/v2\/media\/10709"}],"wp:attachment":[{"href":"https:\/\/eldiariodesanpedro.com.ar\/sitio\/wp-json\/wp\/v2\/media?parent=10708"}],"wp:term":[{"taxonomy":"category","embeddable":true,"href":"https:\/\/eldiariodesanpedro.com.ar\/sitio\/wp-json\/wp\/v2\/categories?post=10708"},{"taxonomy":"post_tag","embeddable":true,"href":"https:\/\/eldiariodesanpedro.com.ar\/sitio\/wp-json\/wp\/v2\/tags?post=10708"}],"curies":[{"name":"wp","href":"https:\/\/api.w.org\/{rel}","templated":true}]}}