{"id":107078,"date":"2022-05-17T14:54:07","date_gmt":"2022-05-17T17:54:07","guid":{"rendered":"https:\/\/eldiariodesanpedro.com.ar\/sitio\/?p=107078"},"modified":"2022-05-17T14:54:08","modified_gmt":"2022-05-17T17:54:08","slug":"le-robaron-una-camioneta-de-la-empresa-que-trabaja-en-la-puerta-de-la-casa","status":"publish","type":"post","link":"https:\/\/eldiariodesanpedro.com.ar\/sitio\/le-robaron-una-camioneta-de-la-empresa-que-trabaja-en-la-puerta-de-la-casa\/","title":{"rendered":"Le robaron una camioneta de la empresa que trabaja en la puerta de la casa"},"content":{"rendered":"<!-- VideographyWP Plugin Message: Automatic video embedding prevented by plugin options. -->\n\n<p>Este lunes denunci\u00f3 un ciudadano de 35 a\u00f1os de edad en la comisar\u00eda local, que en el mismo d\u00eda en horas de la ma\u00f1ana alrededor de las 7 hs constata que autores ignorados sustrajeron camioneta pick up estacionada calle Rivadavia 1550 sobre la v\u00eda p\u00fablica.&nbsp;<\/p>\n\n\n\n<p>El Rodado pertenece a la empresa donde trabaja y con&nbsp; domicilio legal en Entre R\u00edos.&nbsp;<\/p>\n\n\n\n<p>El rodado se encuentre asegurado,<\/p>\n","protected":false},"excerpt":{"rendered":"<p>Este lunes denunci\u00f3 un ciudadano de 35 a\u00f1os de edad en la comisar\u00eda local, que en el mismo d\u00eda en horas de la ma\u00f1ana alrededor de las 7 hs constata que autores ignorados sustrajeron camioneta pick up estacionada calle Rivadavia 1550 sobre la v\u00eda p\u00fablica.&nbsp; El Rodado pertenece a la empresa donde trabaja y con&nbsp; [&hellip;]<\/p>\n","protected":false},"author":4,"featured_media":103679,"comment_status":"closed","ping_status":"closed","sticky":false,"template":"","format":"standard","meta":{"om_disable_all_campaigns":false,"_jetpack_memberships_contains_paid_content":false,"footnotes":""},"categories":[2,103],"tags":[197,33,95,19],"class_list":["post-107078","post","type-post","status-publish","format-standard","has-post-thumbnail","hentry","category-locales","category-policiales-locales","tag-buenos-aires","tag-locales","tag-policiales","tag-san-pedro"],"aioseo_notices":[],"gutentor_comment":0,"jetpack_featured_media_url":"https:\/\/eldiariodesanpedro.com.ar\/sitio\/wp-content\/uploads\/2022\/02\/comisaria_san_pedro.jpg","jetpack_shortlink":"https:\/\/wp.me\/p6RhLt-rR4","jetpack_sharing_enabled":true,"_links":{"self":[{"href":"https:\/\/eldiariodesanpedro.com.ar\/sitio\/wp-json\/wp\/v2\/posts\/107078","targetHints":{"allow":["GET"]}}],"collection":[{"href":"https:\/\/eldiariodesanpedro.com.ar\/sitio\/wp-json\/wp\/v2\/posts"}],"about":[{"href":"https:\/\/eldiariodesanpedro.com.ar\/sitio\/wp-json\/wp\/v2\/types\/post"}],"author":[{"embeddable":true,"href":"https:\/\/eldiariodesanpedro.com.ar\/sitio\/wp-json\/wp\/v2\/users\/4"}],"replies":[{"embeddable":true,"href":"https:\/\/eldiariodesanpedro.com.ar\/sitio\/wp-json\/wp\/v2\/comments?post=107078"}],"version-history":[{"count":1,"href":"https:\/\/eldiariodesanpedro.com.ar\/sitio\/wp-json\/wp\/v2\/posts\/107078\/revisions"}],"predecessor-version":[{"id":107079,"href":"https:\/\/eldiariodesanpedro.com.ar\/sitio\/wp-json\/wp\/v2\/posts\/107078\/revisions\/107079"}],"wp:featuredmedia":[{"embeddable":true,"href":"https:\/\/eldiariodesanpedro.com.ar\/sitio\/wp-json\/wp\/v2\/media\/103679"}],"wp:attachment":[{"href":"https:\/\/eldiariodesanpedro.com.ar\/sitio\/wp-json\/wp\/v2\/media?parent=107078"}],"wp:term":[{"taxonomy":"category","embeddable":true,"href":"https:\/\/eldiariodesanpedro.com.ar\/sitio\/wp-json\/wp\/v2\/categories?post=107078"},{"taxonomy":"post_tag","embeddable":true,"href":"https:\/\/eldiariodesanpedro.com.ar\/sitio\/wp-json\/wp\/v2\/tags?post=107078"}],"curies":[{"name":"wp","href":"https:\/\/api.w.org\/{rel}","templated":true}]}}