{"id":107070,"date":"2022-05-17T11:54:37","date_gmt":"2022-05-17T14:54:37","guid":{"rendered":"https:\/\/eldiariodesanpedro.com.ar\/sitio\/?p=107070"},"modified":"2022-05-17T18:15:42","modified_gmt":"2022-05-17T21:15:42","slug":"se-llevo-a-cabo-esta-manana-la-campana-de-prevencion-por-el-dia-mundial-de-la-hipertension","status":"publish","type":"post","link":"https:\/\/eldiariodesanpedro.com.ar\/sitio\/se-llevo-a-cabo-esta-manana-la-campana-de-prevencion-por-el-dia-mundial-de-la-hipertension\/","title":{"rendered":"Se llevo a cabo esta ma\u00f1ana la Campa\u00f1a de prevenci\u00f3n por el D\u00eda Mundial de la Hipertensi\u00f3n"},"content":{"rendered":"<!-- VideographyWP Plugin Message: Automatic video embedding prevented by plugin options. -->\n\n<p>La Secretar\u00eda de Salud de la Municipalidad de San Pedro llev\u00f3 a cabo una jornada de controles y acciones de prevenci\u00f3n en todos los Centros de Salud del Partido y en una posta sanitaria en la ex Peatonal en el marco del D\u00eda Mundial de la Hipertensi\u00f3n.<\/p>\n\n\n\n<p>Durante la ma\u00f1ana del martes y hasta las 13 hs, se realizaron controles de talla y peso (IMC), control de glucemia, toma de tensi\u00f3n arterial y vacunaci\u00f3n. Adem\u00e1s, en los Centros de Salud Depietri, Arco Iris, Antigal (Intercultural), los hospitales de Gobernador Castro y Santa Luc\u00eda y el Hospital Emilio Ruffa, se efectuaron sin turno previo electrocardiogramas.<\/p>\n\n\n\n<p>En simult\u00e1neo un equipo de la Secretar\u00eda efectu\u00f3 recorridas en oficinas p\u00fablicas realizando tambi\u00e9n control de presi\u00f3n arterial.<\/p>\n\n\n\n<p>La Secretar\u00eda de Salud de la Municipalidad de San Pedro el d\u00eda de hoy, se organizo una jornada de controles y acciones de prevenci\u00f3n, en coincidencia con el D\u00eda Mundial de la Hipertensi\u00f3n.<\/p>\n\n\n\n<p>La fecha establecida por la Organizaci\u00f3n Mundial de la Salud busca promover la concienciaci\u00f3n y los esfuerzos para prevenir, diagnosticar y controlar la hipertensi\u00f3n arterial, condici\u00f3n que constituye el principal factor de riesgo para padecer enfermedades cardiovasculares.<\/p>\n\n\n\n<p>As\u00ed como ha ocurrido con otras jornadas importantes y manteniendo este tipo de actividades que buscan darle mayor visibilidad a la prevenci\u00f3n de la salud, personal de la Secretar\u00eda y colaboradores realizar\u00e1n controles de tensi\u00f3n peso y talla, toma de glucemia y electrocardiogramas.<\/p>\n\n\n\n<p>Hasta las 13, en todos los Centros de Salud del Partido y en una posta sanitaria en la ex Peatonal, se realizar\u00e1 control de talla y peso (IMC), control de glucemia y toma de tensi\u00f3n arterial.<\/p>\n\n\n\n<p>Adem\u00e1s en los Centros de Salud Depietri, Arco Iris, Antigal (Intercultural), hospitales de Gobernador Castro y Santa Luc\u00eda y Hospital Emilio Ruffa, se efectuar\u00e1n a demanda (sin turno previo) electrocardiogramas.<\/p>\n\n\n\n<p>En simult\u00e1neo un equipo de la Secretar\u00eda recorrer\u00e1 oficinas p\u00fablicas realizando tambi\u00e9n control de presi\u00f3n arterial.<\/p>\n\n\n\n<figure class=\"wp-block-image size-large\"><img decoding=\"async\" width=\"1024\" height=\"576\" data-attachment-id=\"107073\" data-permalink=\"https:\/\/eldiariodesanpedro.com.ar\/sitio\/se-llevo-a-cabo-esta-manana-la-campana-de-prevencion-por-el-dia-mundial-de-la-hipertension\/img_20220517_102431677_hdr\/\" data-orig-file=\"https:\/\/eldiariodesanpedro.com.ar\/sitio\/wp-content\/uploads\/2022\/05\/IMG_20220517_102431677_HDR.jpg\" data-orig-size=\"1120,630\" data-comments-opened=\"0\" data-image-meta=\"{&quot;aperture&quot;:&quot;1.7&quot;,&quot;credit&quot;:&quot;&quot;,&quot;camera&quot;:&quot;Moto G (5) Plus&quot;,&quot;caption&quot;:&quot;&quot;,&quot;created_timestamp&quot;:&quot;1652783071&quot;,&quot;copyright&quot;:&quot;&quot;,&quot;focal_length&quot;:&quot;4.28&quot;,&quot;iso&quot;:&quot;64&quot;,&quot;shutter_speed&quot;:&quot;0.0015948963317384&quot;,&quot;title&quot;:&quot;&quot;,&quot;orientation&quot;:&quot;0&quot;}\" data-image-title=\"IMG_20220517_102431677_HDR\" data-image-description=\"\" data-image-caption=\"\" data-large-file=\"https:\/\/eldiariodesanpedro.com.ar\/sitio\/wp-content\/uploads\/2022\/05\/IMG_20220517_102431677_HDR-1024x576.jpg\" data-src=\"https:\/\/eldiariodesanpedro.com.ar\/sitio\/wp-content\/uploads\/2022\/05\/IMG_20220517_102431677_HDR-1024x576.jpg\" alt=\"\" class=\"wp-image-107073 lazyload\" data-srcset=\"https:\/\/eldiariodesanpedro.com.ar\/sitio\/wp-content\/uploads\/2022\/05\/IMG_20220517_102431677_HDR-1024x576.jpg 1024w, https:\/\/eldiariodesanpedro.com.ar\/sitio\/wp-content\/uploads\/2022\/05\/IMG_20220517_102431677_HDR-300x169.jpg 300w, https:\/\/eldiariodesanpedro.com.ar\/sitio\/wp-content\/uploads\/2022\/05\/IMG_20220517_102431677_HDR-768x432.jpg 768w, https:\/\/eldiariodesanpedro.com.ar\/sitio\/wp-content\/uploads\/2022\/05\/IMG_20220517_102431677_HDR.jpg 1120w\" data-sizes=\"(max-width: 1024px) 100vw, 1024px\" src=\"data:image\/svg+xml;base64,PHN2ZyB3aWR0aD0iMSIgaGVpZ2h0PSIxIiB4bWxucz0iaHR0cDovL3d3dy53My5vcmcvMjAwMC9zdmciPjwvc3ZnPg==\" style=\"--smush-placeholder-width: 1024px; --smush-placeholder-aspect-ratio: 1024\/576;\" \/><\/figure>\n\n\n\n<iframe data-src=\"https:\/\/www.facebook.com\/plugins\/video.php?height=314&#038;href=https%3A%2F%2Fwww.facebook.com%2Fdiariosp2%2Fvideos%2F688610448919674%2F&#038;show_text=false&#038;width=560&#038;t=0\" width=\"560\" height=\"314\" style=\"border:none;overflow:hidden\" scrolling=\"no\" frameborder=\"0\" allowfullscreen=\"true\" allow=\"autoplay; clipboard-write; encrypted-media; picture-in-picture; web-share\" allowFullScreen=\"true\" src=\"data:image\/svg+xml;base64,PHN2ZyB3aWR0aD0iMSIgaGVpZ2h0PSIxIiB4bWxucz0iaHR0cDovL3d3dy53My5vcmcvMjAwMC9zdmciPjwvc3ZnPg==\" class=\"lazyload\" data-load-mode=\"1\"><\/iframe>\n","protected":false},"excerpt":{"rendered":"<p>La Secretar\u00eda de Salud de la Municipalidad de San Pedro llev\u00f3 a cabo una jornada de controles y acciones de prevenci\u00f3n en todos los Centros de Salud del Partido y en una posta sanitaria en la ex Peatonal en el marco del D\u00eda Mundial de la Hipertensi\u00f3n. Durante la ma\u00f1ana del martes y hasta las [&hellip;]<\/p>\n","protected":false},"author":4,"featured_media":107072,"comment_status":"closed","ping_status":"closed","sticky":false,"template":"","format":"standard","meta":{"om_disable_all_campaigns":false,"_jetpack_memberships_contains_paid_content":false,"footnotes":""},"categories":[50,101,2],"tags":[197,696,33,19],"class_list":["post-107070","post","type-post","status-publish","format-standard","has-post-thumbnail","hentry","category-destacadas","category-interes-general-locales","category-locales","tag-buenos-aires","tag-interes-general","tag-locales","tag-san-pedro"],"aioseo_notices":[],"gutentor_comment":0,"jetpack_featured_media_url":"https:\/\/eldiariodesanpedro.com.ar\/sitio\/wp-content\/uploads\/2022\/05\/IMG_20220517_102512522_HDR.jpg","jetpack_shortlink":"https:\/\/wp.me\/p6RhLt-rQW","jetpack_sharing_enabled":true,"_links":{"self":[{"href":"https:\/\/eldiariodesanpedro.com.ar\/sitio\/wp-json\/wp\/v2\/posts\/107070","targetHints":{"allow":["GET"]}}],"collection":[{"href":"https:\/\/eldiariodesanpedro.com.ar\/sitio\/wp-json\/wp\/v2\/posts"}],"about":[{"href":"https:\/\/eldiariodesanpedro.com.ar\/sitio\/wp-json\/wp\/v2\/types\/post"}],"author":[{"embeddable":true,"href":"https:\/\/eldiariodesanpedro.com.ar\/sitio\/wp-json\/wp\/v2\/users\/4"}],"replies":[{"embeddable":true,"href":"https:\/\/eldiariodesanpedro.com.ar\/sitio\/wp-json\/wp\/v2\/comments?post=107070"}],"version-history":[{"count":2,"href":"https:\/\/eldiariodesanpedro.com.ar\/sitio\/wp-json\/wp\/v2\/posts\/107070\/revisions"}],"predecessor-version":[{"id":107091,"href":"https:\/\/eldiariodesanpedro.com.ar\/sitio\/wp-json\/wp\/v2\/posts\/107070\/revisions\/107091"}],"wp:featuredmedia":[{"embeddable":true,"href":"https:\/\/eldiariodesanpedro.com.ar\/sitio\/wp-json\/wp\/v2\/media\/107072"}],"wp:attachment":[{"href":"https:\/\/eldiariodesanpedro.com.ar\/sitio\/wp-json\/wp\/v2\/media?parent=107070"}],"wp:term":[{"taxonomy":"category","embeddable":true,"href":"https:\/\/eldiariodesanpedro.com.ar\/sitio\/wp-json\/wp\/v2\/categories?post=107070"},{"taxonomy":"post_tag","embeddable":true,"href":"https:\/\/eldiariodesanpedro.com.ar\/sitio\/wp-json\/wp\/v2\/tags?post=107070"}],"curies":[{"name":"wp","href":"https:\/\/api.w.org\/{rel}","templated":true}]}}