{"id":10706,"date":"2016-11-25T18:58:47","date_gmt":"2016-11-25T21:58:47","guid":{"rendered":"https:\/\/eldiariodesanpedro.com.ar\/sitio\/?p=10706"},"modified":"2016-11-25T18:58:47","modified_gmt":"2016-11-25T21:58:47","slug":"religiosa-accidentada-sufrio-lesiones-leves","status":"publish","type":"post","link":"https:\/\/eldiariodesanpedro.com.ar\/sitio\/religiosa-accidentada-sufrio-lesiones-leves\/","title":{"rendered":"Religiosa accidentada sufri\u00f3 lesiones leves"},"content":{"rendered":"<p><!-- VideographyWP Plugin Message: Automatic video embedding prevented by plugin options. --><br \/>\nEl jefe de la guardia del Hospital, el Dr. Jos\u00e9 Herbas, dio a conocer detalles de la religiosa que sufri\u00f3 el impacto de un autom\u00f3vil en horas cercanas al mediod\u00eda de jueves. Asegur\u00f3 que luego del accidente estaba \u00abestable, l\u00facida y vigil; tiene obviamente dolores por el accidente que tuvo. Hay un mecanismo de trauma bastante importante\u201d, asegur\u00f3.<\/p>\n<p>\u201cEn primera instancia no demostraba lesiones serias\u00bb, dijo Herbas, pero preventivamente qued\u00f3 internada 24 horas. \u00abPorque en estas cuestiones cuando la persona est\u00e1 compensada, lo que uno tiene que sospechar es que aparezcan algunas lesiones en el transcurso de las horas\u201d, asever\u00f3 el profesional m\u00e9dico.<\/p>\n","protected":false},"excerpt":{"rendered":"<p>El jefe de la guardia del Hospital, el Dr. Jos\u00e9 Herbas, dio a conocer detalles de la religiosa que sufri\u00f3 el impacto de un autom\u00f3vil en horas cercanas al mediod\u00eda de jueves. Asegur\u00f3 que luego del accidente estaba \u00abestable, l\u00facida y vigil; tiene obviamente dolores por el accidente que tuvo. Hay un mecanismo de trauma [&hellip;]<\/p>\n","protected":false},"author":4,"featured_media":10265,"comment_status":"open","ping_status":"closed","sticky":false,"template":"","format":"standard","meta":{"om_disable_all_campaigns":false,"_jetpack_memberships_contains_paid_content":false,"footnotes":""},"categories":[2,103],"tags":[],"class_list":["post-10706","post","type-post","status-publish","format-standard","has-post-thumbnail","hentry","category-locales","category-policiales-locales"],"aioseo_notices":[],"gutentor_comment":0,"jetpack_featured_media_url":"https:\/\/eldiariodesanpedro.com.ar\/sitio\/wp-content\/uploads\/2016\/11\/hospital-san-pedro.jpg","jetpack_shortlink":"https:\/\/wp.me\/p6RhLt-2MG","jetpack_sharing_enabled":true,"_links":{"self":[{"href":"https:\/\/eldiariodesanpedro.com.ar\/sitio\/wp-json\/wp\/v2\/posts\/10706","targetHints":{"allow":["GET"]}}],"collection":[{"href":"https:\/\/eldiariodesanpedro.com.ar\/sitio\/wp-json\/wp\/v2\/posts"}],"about":[{"href":"https:\/\/eldiariodesanpedro.com.ar\/sitio\/wp-json\/wp\/v2\/types\/post"}],"author":[{"embeddable":true,"href":"https:\/\/eldiariodesanpedro.com.ar\/sitio\/wp-json\/wp\/v2\/users\/4"}],"replies":[{"embeddable":true,"href":"https:\/\/eldiariodesanpedro.com.ar\/sitio\/wp-json\/wp\/v2\/comments?post=10706"}],"version-history":[{"count":1,"href":"https:\/\/eldiariodesanpedro.com.ar\/sitio\/wp-json\/wp\/v2\/posts\/10706\/revisions"}],"predecessor-version":[{"id":10707,"href":"https:\/\/eldiariodesanpedro.com.ar\/sitio\/wp-json\/wp\/v2\/posts\/10706\/revisions\/10707"}],"wp:featuredmedia":[{"embeddable":true,"href":"https:\/\/eldiariodesanpedro.com.ar\/sitio\/wp-json\/wp\/v2\/media\/10265"}],"wp:attachment":[{"href":"https:\/\/eldiariodesanpedro.com.ar\/sitio\/wp-json\/wp\/v2\/media?parent=10706"}],"wp:term":[{"taxonomy":"category","embeddable":true,"href":"https:\/\/eldiariodesanpedro.com.ar\/sitio\/wp-json\/wp\/v2\/categories?post=10706"},{"taxonomy":"post_tag","embeddable":true,"href":"https:\/\/eldiariodesanpedro.com.ar\/sitio\/wp-json\/wp\/v2\/tags?post=10706"}],"curies":[{"name":"wp","href":"https:\/\/api.w.org\/{rel}","templated":true}]}}