{"id":107058,"date":"2022-05-16T20:41:04","date_gmt":"2022-05-16T23:41:04","guid":{"rendered":"https:\/\/eldiariodesanpedro.com.ar\/sitio\/?p=107058"},"modified":"2022-05-16T20:41:05","modified_gmt":"2022-05-16T23:41:05","slug":"asamblea-anual-ordinaria-de-la-asociacion-cooperadora-de-la-escuela-normal-san-pedro","status":"publish","type":"post","link":"https:\/\/eldiariodesanpedro.com.ar\/sitio\/asamblea-anual-ordinaria-de-la-asociacion-cooperadora-de-la-escuela-normal-san-pedro\/","title":{"rendered":"Asamblea Anual Ordinaria de la Asociaci\u00f3n Cooperadora de la Escuela Normal San Pedro"},"content":{"rendered":"<!-- VideographyWP Plugin Message: Automatic video embedding prevented by plugin options. -->\n\n<p class=\"has-text-align-center\"><strong>CONVOCATORIA A ASAMBLEA ANUAL ORDINARIA<\/strong><\/p>\n\n\n\n<p>Se\u00f1ores la&nbsp;Escuela&nbsp;Normal&nbsp;convoca a Asamblea Anual Ordinaria de Cooperadora el d\u00eda martes 31 de Mayo de 2022 a las 19.30 horas en el sal\u00f3n de actos de dicho Establecimiento.<\/p>\n\n\n\n<p>Dada la invalorable labor de las cooperadoras escolares sin cuyo apoyo no podr\u00edamos desarrollar nuestro diario que hacer, es que apelamos a ustedes se\u00f1ores padres para que nos acompa\u00f1en a sumar esfuerzos.<\/p>\n\n\n\n<p>Los esperamos muy especialmente porque los necesitamos y descontamos su presencia.<\/p>\n\n\n\n<p><strong>ORDEN DEL D\u00cdA\u00a0<br><\/strong>1) Lectura de Memoria y Balance <br>2) Renovaci\u00f3n parcial de Comisi\u00f3n Directiva <br>3) Fijaci\u00f3n de Cuota Social<\/p>\n\n\n\n<p>(Publicaci\u00f3n V\u00e1lida por los d\u00edas 16 y 17 de Mayo de 2022)<\/p>\n","protected":false},"excerpt":{"rendered":"<p>CONVOCATORIA A ASAMBLEA ANUAL ORDINARIA Se\u00f1ores la&nbsp;Escuela&nbsp;Normal&nbsp;convoca a Asamblea Anual Ordinaria de Cooperadora el d\u00eda martes 31 de Mayo de 2022 a las 19.30 horas en el sal\u00f3n de actos de dicho Establecimiento. Dada la invalorable labor de las cooperadoras escolares sin cuyo apoyo no podr\u00edamos desarrollar nuestro diario que hacer, es que apelamos a [&hellip;]<\/p>\n","protected":false},"author":4,"featured_media":107059,"comment_status":"closed","ping_status":"closed","sticky":false,"template":"","format":"standard","meta":{"om_disable_all_campaigns":false,"_jetpack_memberships_contains_paid_content":false,"footnotes":""},"categories":[678,676],"tags":[2869,197,696,33,19],"class_list":["post-107058","post","type-post","status-publish","format-standard","has-post-thumbnail","hentry","category-convocatorias","category-edictos","tag-asamblea-anual-ordinaria-de-la-asociacion-cooperadora-de-la-escuela-normal-san-pedro","tag-buenos-aires","tag-interes-general","tag-locales","tag-san-pedro"],"aioseo_notices":[],"gutentor_comment":0,"jetpack_featured_media_url":"https:\/\/eldiariodesanpedro.com.ar\/sitio\/wp-content\/uploads\/2022\/05\/Convocatoria-Escuela-normal-mayo-2022.jpg","jetpack_shortlink":"https:\/\/wp.me\/p6RhLt-rQK","jetpack_sharing_enabled":true,"_links":{"self":[{"href":"https:\/\/eldiariodesanpedro.com.ar\/sitio\/wp-json\/wp\/v2\/posts\/107058","targetHints":{"allow":["GET"]}}],"collection":[{"href":"https:\/\/eldiariodesanpedro.com.ar\/sitio\/wp-json\/wp\/v2\/posts"}],"about":[{"href":"https:\/\/eldiariodesanpedro.com.ar\/sitio\/wp-json\/wp\/v2\/types\/post"}],"author":[{"embeddable":true,"href":"https:\/\/eldiariodesanpedro.com.ar\/sitio\/wp-json\/wp\/v2\/users\/4"}],"replies":[{"embeddable":true,"href":"https:\/\/eldiariodesanpedro.com.ar\/sitio\/wp-json\/wp\/v2\/comments?post=107058"}],"version-history":[{"count":1,"href":"https:\/\/eldiariodesanpedro.com.ar\/sitio\/wp-json\/wp\/v2\/posts\/107058\/revisions"}],"predecessor-version":[{"id":107060,"href":"https:\/\/eldiariodesanpedro.com.ar\/sitio\/wp-json\/wp\/v2\/posts\/107058\/revisions\/107060"}],"wp:featuredmedia":[{"embeddable":true,"href":"https:\/\/eldiariodesanpedro.com.ar\/sitio\/wp-json\/wp\/v2\/media\/107059"}],"wp:attachment":[{"href":"https:\/\/eldiariodesanpedro.com.ar\/sitio\/wp-json\/wp\/v2\/media?parent=107058"}],"wp:term":[{"taxonomy":"category","embeddable":true,"href":"https:\/\/eldiariodesanpedro.com.ar\/sitio\/wp-json\/wp\/v2\/categories?post=107058"},{"taxonomy":"post_tag","embeddable":true,"href":"https:\/\/eldiariodesanpedro.com.ar\/sitio\/wp-json\/wp\/v2\/tags?post=107058"}],"curies":[{"name":"wp","href":"https:\/\/api.w.org\/{rel}","templated":true}]}}