{"id":107057,"date":"2022-05-16T23:01:33","date_gmt":"2022-05-17T02:01:33","guid":{"rendered":"https:\/\/eldiariodesanpedro.com.ar\/sitio\/?p=107057"},"modified":"2022-05-16T23:01:34","modified_gmt":"2022-05-17T02:01:34","slug":"pliegos-de-sae-rubros-frutas-y-verduras-pan-carnes-alimentos-secos-y-articulos-de-limpieza","status":"publish","type":"post","link":"https:\/\/eldiariodesanpedro.com.ar\/sitio\/pliegos-de-sae-rubros-frutas-y-verduras-pan-carnes-alimentos-secos-y-articulos-de-limpieza\/","title":{"rendered":"Pliegos de SAE, rubros Frutas y verduras, Pan, Carnes, Alimentos secos y Art\u00edculos de limpieza"},"content":{"rendered":"<!-- VideographyWP Plugin Message: Automatic video embedding prevented by plugin options. -->\n\n<p>Consejo Escolar informa que desde el 19 al 26 de mayo de 2022 se encuentran a disposici\u00f3n los pliegos de SAE, rubros Frutas y verduras, Pan, Carnes, Alimentos secos y Art\u00edculos de limpieza. <\/p>\n\n\n\n<p>Consulta y entrega de pliegos en la Sede del Consejo Escolar (Ayacucho e Ituzaing\u00f3) de 9 a 12 hs. <\/p>\n\n\n\n<p>Apertura de ofertas 27 de mayo de 2022 a las 10 hs.<\/p>\n","protected":false},"excerpt":{"rendered":"<p>Consejo Escolar informa que desde el 19 al 26 de mayo de 2022 se encuentran a disposici\u00f3n los pliegos de SAE, rubros Frutas y verduras, Pan, Carnes, Alimentos secos y Art\u00edculos de limpieza. Consulta y entrega de pliegos en la Sede del Consejo Escolar (Ayacucho e Ituzaing\u00f3) de 9 a 12 hs. Apertura de ofertas [&hellip;]<\/p>\n","protected":false},"author":4,"featured_media":107066,"comment_status":"closed","ping_status":"closed","sticky":false,"template":"","format":"standard","meta":{"om_disable_all_campaigns":false,"_jetpack_memberships_contains_paid_content":false,"footnotes":""},"categories":[815,676],"tags":[197,696,33,19],"class_list":["post-107057","post","type-post","status-publish","format-standard","has-post-thumbnail","hentry","category-consejo-escolar","category-edictos","tag-buenos-aires","tag-interes-general","tag-locales","tag-san-pedro"],"aioseo_notices":[],"gutentor_comment":0,"jetpack_featured_media_url":"https:\/\/eldiariodesanpedro.com.ar\/sitio\/wp-content\/uploads\/2022\/05\/Consejo-Escolar-16-05-2022-1.jpg","jetpack_shortlink":"https:\/\/wp.me\/p6RhLt-rQJ","jetpack_sharing_enabled":true,"_links":{"self":[{"href":"https:\/\/eldiariodesanpedro.com.ar\/sitio\/wp-json\/wp\/v2\/posts\/107057","targetHints":{"allow":["GET"]}}],"collection":[{"href":"https:\/\/eldiariodesanpedro.com.ar\/sitio\/wp-json\/wp\/v2\/posts"}],"about":[{"href":"https:\/\/eldiariodesanpedro.com.ar\/sitio\/wp-json\/wp\/v2\/types\/post"}],"author":[{"embeddable":true,"href":"https:\/\/eldiariodesanpedro.com.ar\/sitio\/wp-json\/wp\/v2\/users\/4"}],"replies":[{"embeddable":true,"href":"https:\/\/eldiariodesanpedro.com.ar\/sitio\/wp-json\/wp\/v2\/comments?post=107057"}],"version-history":[{"count":1,"href":"https:\/\/eldiariodesanpedro.com.ar\/sitio\/wp-json\/wp\/v2\/posts\/107057\/revisions"}],"predecessor-version":[{"id":107067,"href":"https:\/\/eldiariodesanpedro.com.ar\/sitio\/wp-json\/wp\/v2\/posts\/107057\/revisions\/107067"}],"wp:featuredmedia":[{"embeddable":true,"href":"https:\/\/eldiariodesanpedro.com.ar\/sitio\/wp-json\/wp\/v2\/media\/107066"}],"wp:attachment":[{"href":"https:\/\/eldiariodesanpedro.com.ar\/sitio\/wp-json\/wp\/v2\/media?parent=107057"}],"wp:term":[{"taxonomy":"category","embeddable":true,"href":"https:\/\/eldiariodesanpedro.com.ar\/sitio\/wp-json\/wp\/v2\/categories?post=107057"},{"taxonomy":"post_tag","embeddable":true,"href":"https:\/\/eldiariodesanpedro.com.ar\/sitio\/wp-json\/wp\/v2\/tags?post=107057"}],"curies":[{"name":"wp","href":"https:\/\/api.w.org\/{rel}","templated":true}]}}