{"id":107049,"date":"2022-05-16T11:50:30","date_gmt":"2022-05-16T14:50:30","guid":{"rendered":"https:\/\/eldiariodesanpedro.com.ar\/sitio\/?p=107049"},"modified":"2022-05-16T11:50:31","modified_gmt":"2022-05-16T14:50:31","slug":"patio-de-la-batata-en-frutos-de-la-tierra-y-el-rio","status":"publish","type":"post","link":"https:\/\/eldiariodesanpedro.com.ar\/sitio\/patio-de-la-batata-en-frutos-de-la-tierra-y-el-rio\/","title":{"rendered":"Patio de la Batata en Frutos de la Tierra y el R\u00edo"},"content":{"rendered":"<!-- VideographyWP Plugin Message: Automatic video embedding prevented by plugin options. -->\n\n<p>En la segunda edici\u00f3n del a\u00f1o de la Feria Frutos de la Tierra y el R\u00edo se present\u00f3 el s\u00e1bado 14 de mayo, \u201cel Patio de la Batata\u201d un espacio destinado a revalorizar este producto t\u00edpico de nuestra zona, para aprender sobre las variedades, conocer a los productores, probar distintos sabores, dejar la opini\u00f3n como consumidor para seguir mejorando y compartir degustaciones de batatas fritas.<\/p>\n\n\n\n<p>El Intendente Dr. Ram\u00f3n Salazar y el Secretario de Desarrollo Econ\u00f3mico Mart\u00edn Baraybar junto a Hugo Ram\u00edrez uno de los integrantes del equipo del \u00e1rea, participaron de la actividad, dialogaron con los organizadores y productores, y adem\u00e1s completaron la encuesta que propuso el INTA con el objetivo de seguir trabajando en la promoci\u00f3n de este producto.<\/p>\n\n\n\n<p>Como siempre, sampedrinos y turistas recorrieron los puestos ubicados frente a la Plaza Constitutuci\u00f3n, en los que se vendieron hortalizas de hojas, frutos, dulces, tejidos, plantines, cactus y suculentas, miel, productos cosm\u00e9ticos y otros derivados de la apicultura.<\/p>\n\n\n\n<p>La pr\u00f3xima edici\u00f3n de la Feria ser\u00e1 el 11 de junio.<\/p>\n","protected":false},"excerpt":{"rendered":"<p>En la segunda edici\u00f3n del a\u00f1o de la Feria Frutos de la Tierra y el R\u00edo se present\u00f3 el s\u00e1bado 14 de mayo, \u201cel Patio de la Batata\u201d un espacio destinado a revalorizar este producto t\u00edpico de nuestra zona, para aprender sobre las variedades, conocer a los productores, probar distintos sabores, dejar la opini\u00f3n como [&hellip;]<\/p>\n","protected":false},"author":4,"featured_media":107050,"comment_status":"closed","ping_status":"closed","sticky":false,"template":"","format":"standard","meta":{"om_disable_all_campaigns":false,"_jetpack_memberships_contains_paid_content":false,"footnotes":""},"categories":[50,101,2],"tags":[197,696,33,19],"class_list":["post-107049","post","type-post","status-publish","format-standard","has-post-thumbnail","hentry","category-destacadas","category-interes-general-locales","category-locales","tag-buenos-aires","tag-interes-general","tag-locales","tag-san-pedro"],"aioseo_notices":[],"gutentor_comment":0,"jetpack_featured_media_url":"https:\/\/eldiariodesanpedro.com.ar\/sitio\/wp-content\/uploads\/2022\/05\/WhatsApp-Image-2022-05-15-at-10.38.44-AM.jpeg","jetpack_shortlink":"https:\/\/wp.me\/p6RhLt-rQB","jetpack_sharing_enabled":true,"_links":{"self":[{"href":"https:\/\/eldiariodesanpedro.com.ar\/sitio\/wp-json\/wp\/v2\/posts\/107049","targetHints":{"allow":["GET"]}}],"collection":[{"href":"https:\/\/eldiariodesanpedro.com.ar\/sitio\/wp-json\/wp\/v2\/posts"}],"about":[{"href":"https:\/\/eldiariodesanpedro.com.ar\/sitio\/wp-json\/wp\/v2\/types\/post"}],"author":[{"embeddable":true,"href":"https:\/\/eldiariodesanpedro.com.ar\/sitio\/wp-json\/wp\/v2\/users\/4"}],"replies":[{"embeddable":true,"href":"https:\/\/eldiariodesanpedro.com.ar\/sitio\/wp-json\/wp\/v2\/comments?post=107049"}],"version-history":[{"count":1,"href":"https:\/\/eldiariodesanpedro.com.ar\/sitio\/wp-json\/wp\/v2\/posts\/107049\/revisions"}],"predecessor-version":[{"id":107051,"href":"https:\/\/eldiariodesanpedro.com.ar\/sitio\/wp-json\/wp\/v2\/posts\/107049\/revisions\/107051"}],"wp:featuredmedia":[{"embeddable":true,"href":"https:\/\/eldiariodesanpedro.com.ar\/sitio\/wp-json\/wp\/v2\/media\/107050"}],"wp:attachment":[{"href":"https:\/\/eldiariodesanpedro.com.ar\/sitio\/wp-json\/wp\/v2\/media?parent=107049"}],"wp:term":[{"taxonomy":"category","embeddable":true,"href":"https:\/\/eldiariodesanpedro.com.ar\/sitio\/wp-json\/wp\/v2\/categories?post=107049"},{"taxonomy":"post_tag","embeddable":true,"href":"https:\/\/eldiariodesanpedro.com.ar\/sitio\/wp-json\/wp\/v2\/tags?post=107049"}],"curies":[{"name":"wp","href":"https:\/\/api.w.org\/{rel}","templated":true}]}}