{"id":107043,"date":"2022-05-16T11:47:49","date_gmt":"2022-05-16T14:47:49","guid":{"rendered":"https:\/\/eldiariodesanpedro.com.ar\/sitio\/?p=107043"},"modified":"2022-05-16T11:47:50","modified_gmt":"2022-05-16T14:47:50","slug":"exposicion-de-informes-del-observatorio-tecnico-de-agroquimicos-4","status":"publish","type":"post","link":"https:\/\/eldiariodesanpedro.com.ar\/sitio\/exposicion-de-informes-del-observatorio-tecnico-de-agroquimicos-4\/","title":{"rendered":"Exposici\u00f3n de informes del Observatorio T\u00e9cnico de Agroqu\u00edmicos"},"content":{"rendered":"<!-- VideographyWP Plugin Message: Automatic video embedding prevented by plugin options. -->\n\n<p>Se concret\u00f3 ayer la presentaci\u00f3n de informes y tareas que vienen realizando desde el Observatorio T\u00e9cnico de Agroqu\u00edmicos (OTA) a trav\u00e9s de una charla organizada conjuntamente entre la Secretar\u00eda de Desarrollo Econ\u00f3mico de la Municipalidad de San Pedro y el Ministerio de Desarrollo Agrario de la Provincia de Buenos Aires en el Sal\u00f3n Dorado del Honorable Concejo Deliberante con una amplia participaci\u00f3n de Asociaciones de Productores, Organizaciones Ambientalistas, Colegios de Profesionales, Aplicadores y Asociaciones de Comercios.<\/p>\n\n\n\n<p>Participaron de la exposici\u00f3n el Director de Fiscalizaci\u00f3n Vegetal Carlos Otaegui y la Directora Provincial de Fiscalizaci\u00f3n Agropecuaria Alimentaria y de los Recursos Naturales Viviana Di Marzio quienes presentaron los informes de los trabajos cient\u00edficos recolectados por el OTA y las acciones que se vienen realizando.<\/p>\n\n\n\n<p>Durante la jornada, de la que participaron tambi\u00e9n representantes del INTA, SENASA, INASSE, miembros del Concejo Deliberante, de la Secretar\u00eda de Salud y la Direcci\u00f3n de Ambiente, se presentaron las principales conclusiones de los informes elaborados, las acciones de gesti\u00f3n y el proceso de participaci\u00f3n ciudadana. Aportando informaci\u00f3n cient\u00edfico-t\u00e9cnica sobre el uso y aplicaci\u00f3n de agroqu\u00edmicos, como tambi\u00e9n sus efectos, para ser utilizada en el desarrollo de pol\u00edticas p\u00fablicas espec\u00edficas.<\/p>\n\n\n\n<p>La amplia participaci\u00f3n tanto en la convocatoria como durante el debate, llevado a cabo en un marco de respeto, evidencia el inter\u00e9s y la importancia del tema para nuestra zona.<\/p>\n\n\n\n<figure class=\"wp-block-image size-full\"><img decoding=\"async\" width=\"560\" height=\"630\" data-attachment-id=\"107044\" data-permalink=\"https:\/\/eldiariodesanpedro.com.ar\/sitio\/exposicion-de-informes-del-observatorio-tecnico-de-agroquimicos-4\/whatsapp-image-2022-05-14-at-2-12-59-pm\/\" data-orig-file=\"https:\/\/eldiariodesanpedro.com.ar\/sitio\/wp-content\/uploads\/2022\/05\/WhatsApp-Image-2022-05-14-at-2.12.59-PM.jpeg\" data-orig-size=\"560,630\" data-comments-opened=\"0\" data-image-meta=\"{&quot;aperture&quot;:&quot;0&quot;,&quot;credit&quot;:&quot;&quot;,&quot;camera&quot;:&quot;&quot;,&quot;caption&quot;:&quot;&quot;,&quot;created_timestamp&quot;:&quot;0&quot;,&quot;copyright&quot;:&quot;&quot;,&quot;focal_length&quot;:&quot;0&quot;,&quot;iso&quot;:&quot;0&quot;,&quot;shutter_speed&quot;:&quot;0&quot;,&quot;title&quot;:&quot;&quot;,&quot;orientation&quot;:&quot;0&quot;}\" data-image-title=\"WhatsApp Image 2022-05-14 at 2.12.59 PM\" data-image-description=\"\" data-image-caption=\"\" data-large-file=\"https:\/\/eldiariodesanpedro.com.ar\/sitio\/wp-content\/uploads\/2022\/05\/WhatsApp-Image-2022-05-14-at-2.12.59-PM.jpeg\" data-src=\"https:\/\/eldiariodesanpedro.com.ar\/sitio\/wp-content\/uploads\/2022\/05\/WhatsApp-Image-2022-05-14-at-2.12.59-PM.jpeg\" alt=\"\" class=\"wp-image-107044 lazyload\" data-srcset=\"https:\/\/eldiariodesanpedro.com.ar\/sitio\/wp-content\/uploads\/2022\/05\/WhatsApp-Image-2022-05-14-at-2.12.59-PM.jpeg 560w, https:\/\/eldiariodesanpedro.com.ar\/sitio\/wp-content\/uploads\/2022\/05\/WhatsApp-Image-2022-05-14-at-2.12.59-PM-267x300.jpeg 267w\" data-sizes=\"(max-width: 560px) 100vw, 560px\" src=\"data:image\/svg+xml;base64,PHN2ZyB3aWR0aD0iMSIgaGVpZ2h0PSIxIiB4bWxucz0iaHR0cDovL3d3dy53My5vcmcvMjAwMC9zdmciPjwvc3ZnPg==\" style=\"--smush-placeholder-width: 560px; --smush-placeholder-aspect-ratio: 560\/630;\" \/><\/figure>\n\n\n\n<figure class=\"wp-block-image size-full\"><img decoding=\"async\" width=\"965\" height=\"630\" data-attachment-id=\"107045\" data-permalink=\"https:\/\/eldiariodesanpedro.com.ar\/sitio\/exposicion-de-informes-del-observatorio-tecnico-de-agroquimicos-4\/whatsapp-image-2022-05-14-at-2-13-00-pm\/\" data-orig-file=\"https:\/\/eldiariodesanpedro.com.ar\/sitio\/wp-content\/uploads\/2022\/05\/WhatsApp-Image-2022-05-14-at-2.13.00-PM.jpeg\" data-orig-size=\"965,630\" data-comments-opened=\"0\" data-image-meta=\"{&quot;aperture&quot;:&quot;0&quot;,&quot;credit&quot;:&quot;&quot;,&quot;camera&quot;:&quot;&quot;,&quot;caption&quot;:&quot;&quot;,&quot;created_timestamp&quot;:&quot;0&quot;,&quot;copyright&quot;:&quot;&quot;,&quot;focal_length&quot;:&quot;0&quot;,&quot;iso&quot;:&quot;0&quot;,&quot;shutter_speed&quot;:&quot;0&quot;,&quot;title&quot;:&quot;&quot;,&quot;orientation&quot;:&quot;0&quot;}\" data-image-title=\"WhatsApp Image 2022-05-14 at 2.13.00 PM\" data-image-description=\"\" data-image-caption=\"\" data-large-file=\"https:\/\/eldiariodesanpedro.com.ar\/sitio\/wp-content\/uploads\/2022\/05\/WhatsApp-Image-2022-05-14-at-2.13.00-PM.jpeg\" data-src=\"https:\/\/eldiariodesanpedro.com.ar\/sitio\/wp-content\/uploads\/2022\/05\/WhatsApp-Image-2022-05-14-at-2.13.00-PM.jpeg\" alt=\"\" class=\"wp-image-107045 lazyload\" data-srcset=\"https:\/\/eldiariodesanpedro.com.ar\/sitio\/wp-content\/uploads\/2022\/05\/WhatsApp-Image-2022-05-14-at-2.13.00-PM.jpeg 965w, https:\/\/eldiariodesanpedro.com.ar\/sitio\/wp-content\/uploads\/2022\/05\/WhatsApp-Image-2022-05-14-at-2.13.00-PM-300x196.jpeg 300w, https:\/\/eldiariodesanpedro.com.ar\/sitio\/wp-content\/uploads\/2022\/05\/WhatsApp-Image-2022-05-14-at-2.13.00-PM-768x501.jpeg 768w\" data-sizes=\"(max-width: 965px) 100vw, 965px\" src=\"data:image\/svg+xml;base64,PHN2ZyB3aWR0aD0iMSIgaGVpZ2h0PSIxIiB4bWxucz0iaHR0cDovL3d3dy53My5vcmcvMjAwMC9zdmciPjwvc3ZnPg==\" style=\"--smush-placeholder-width: 965px; --smush-placeholder-aspect-ratio: 965\/630;\" \/><\/figure>\n\n\n\n<figure class=\"wp-block-image size-full\"><img decoding=\"async\" width=\"926\" height=\"630\" data-attachment-id=\"107046\" data-permalink=\"https:\/\/eldiariodesanpedro.com.ar\/sitio\/exposicion-de-informes-del-observatorio-tecnico-de-agroquimicos-4\/whatsapp-image-2022-05-14-at-2-13-01-pm\/\" data-orig-file=\"https:\/\/eldiariodesanpedro.com.ar\/sitio\/wp-content\/uploads\/2022\/05\/WhatsApp-Image-2022-05-14-at-2.13.01-PM.jpeg\" data-orig-size=\"926,630\" data-comments-opened=\"0\" data-image-meta=\"{&quot;aperture&quot;:&quot;0&quot;,&quot;credit&quot;:&quot;&quot;,&quot;camera&quot;:&quot;&quot;,&quot;caption&quot;:&quot;&quot;,&quot;created_timestamp&quot;:&quot;0&quot;,&quot;copyright&quot;:&quot;&quot;,&quot;focal_length&quot;:&quot;0&quot;,&quot;iso&quot;:&quot;0&quot;,&quot;shutter_speed&quot;:&quot;0&quot;,&quot;title&quot;:&quot;&quot;,&quot;orientation&quot;:&quot;0&quot;}\" data-image-title=\"WhatsApp Image 2022-05-14 at 2.13.01 PM\" data-image-description=\"\" data-image-caption=\"\" data-large-file=\"https:\/\/eldiariodesanpedro.com.ar\/sitio\/wp-content\/uploads\/2022\/05\/WhatsApp-Image-2022-05-14-at-2.13.01-PM.jpeg\" data-src=\"https:\/\/eldiariodesanpedro.com.ar\/sitio\/wp-content\/uploads\/2022\/05\/WhatsApp-Image-2022-05-14-at-2.13.01-PM.jpeg\" alt=\"\" class=\"wp-image-107046 lazyload\" data-srcset=\"https:\/\/eldiariodesanpedro.com.ar\/sitio\/wp-content\/uploads\/2022\/05\/WhatsApp-Image-2022-05-14-at-2.13.01-PM.jpeg 926w, https:\/\/eldiariodesanpedro.com.ar\/sitio\/wp-content\/uploads\/2022\/05\/WhatsApp-Image-2022-05-14-at-2.13.01-PM-300x204.jpeg 300w, https:\/\/eldiariodesanpedro.com.ar\/sitio\/wp-content\/uploads\/2022\/05\/WhatsApp-Image-2022-05-14-at-2.13.01-PM-768x523.jpeg 768w\" data-sizes=\"(max-width: 926px) 100vw, 926px\" src=\"data:image\/svg+xml;base64,PHN2ZyB3aWR0aD0iMSIgaGVpZ2h0PSIxIiB4bWxucz0iaHR0cDovL3d3dy53My5vcmcvMjAwMC9zdmciPjwvc3ZnPg==\" style=\"--smush-placeholder-width: 926px; --smush-placeholder-aspect-ratio: 926\/630;\" \/><\/figure>\n","protected":false},"excerpt":{"rendered":"<p>Se concret\u00f3 ayer la presentaci\u00f3n de informes y tareas que vienen realizando desde el Observatorio T\u00e9cnico de Agroqu\u00edmicos (OTA) a trav\u00e9s de una charla organizada conjuntamente entre la Secretar\u00eda de Desarrollo Econ\u00f3mico de la Municipalidad de San Pedro y el Ministerio de Desarrollo Agrario de la Provincia de Buenos Aires en el Sal\u00f3n Dorado del [&hellip;]<\/p>\n","protected":false},"author":4,"featured_media":107047,"comment_status":"closed","ping_status":"closed","sticky":false,"template":"","format":"standard","meta":{"om_disable_all_campaigns":false,"_jetpack_memberships_contains_paid_content":false,"footnotes":""},"categories":[50,101,2],"tags":[197,696,33,19],"class_list":["post-107043","post","type-post","status-publish","format-standard","has-post-thumbnail","hentry","category-destacadas","category-interes-general-locales","category-locales","tag-buenos-aires","tag-interes-general","tag-locales","tag-san-pedro"],"aioseo_notices":[],"gutentor_comment":0,"jetpack_featured_media_url":"https:\/\/eldiariodesanpedro.com.ar\/sitio\/wp-content\/uploads\/2022\/05\/WhatsApp-Image-2022-05-14-at-2.13.00-PM-1.jpeg","jetpack_shortlink":"https:\/\/wp.me\/p6RhLt-rQv","jetpack_sharing_enabled":true,"_links":{"self":[{"href":"https:\/\/eldiariodesanpedro.com.ar\/sitio\/wp-json\/wp\/v2\/posts\/107043","targetHints":{"allow":["GET"]}}],"collection":[{"href":"https:\/\/eldiariodesanpedro.com.ar\/sitio\/wp-json\/wp\/v2\/posts"}],"about":[{"href":"https:\/\/eldiariodesanpedro.com.ar\/sitio\/wp-json\/wp\/v2\/types\/post"}],"author":[{"embeddable":true,"href":"https:\/\/eldiariodesanpedro.com.ar\/sitio\/wp-json\/wp\/v2\/users\/4"}],"replies":[{"embeddable":true,"href":"https:\/\/eldiariodesanpedro.com.ar\/sitio\/wp-json\/wp\/v2\/comments?post=107043"}],"version-history":[{"count":1,"href":"https:\/\/eldiariodesanpedro.com.ar\/sitio\/wp-json\/wp\/v2\/posts\/107043\/revisions"}],"predecessor-version":[{"id":107048,"href":"https:\/\/eldiariodesanpedro.com.ar\/sitio\/wp-json\/wp\/v2\/posts\/107043\/revisions\/107048"}],"wp:featuredmedia":[{"embeddable":true,"href":"https:\/\/eldiariodesanpedro.com.ar\/sitio\/wp-json\/wp\/v2\/media\/107047"}],"wp:attachment":[{"href":"https:\/\/eldiariodesanpedro.com.ar\/sitio\/wp-json\/wp\/v2\/media?parent=107043"}],"wp:term":[{"taxonomy":"category","embeddable":true,"href":"https:\/\/eldiariodesanpedro.com.ar\/sitio\/wp-json\/wp\/v2\/categories?post=107043"},{"taxonomy":"post_tag","embeddable":true,"href":"https:\/\/eldiariodesanpedro.com.ar\/sitio\/wp-json\/wp\/v2\/tags?post=107043"}],"curies":[{"name":"wp","href":"https:\/\/api.w.org\/{rel}","templated":true}]}}