{"id":107041,"date":"2022-05-16T11:36:16","date_gmt":"2022-05-16T14:36:16","guid":{"rendered":"https:\/\/eldiariodesanpedro.com.ar\/sitio\/?p=107041"},"modified":"2022-05-16T11:36:16","modified_gmt":"2022-05-16T14:36:16","slug":"robaron-una-bicicleta-atada-en-las-afueras-de-un-comercio","status":"publish","type":"post","link":"https:\/\/eldiariodesanpedro.com.ar\/sitio\/robaron-una-bicicleta-atada-en-las-afueras-de-un-comercio\/","title":{"rendered":"Robaron una bicicleta atada en las afueras de un comercio"},"content":{"rendered":"<!-- VideographyWP Plugin Message: Automatic video embedding prevented by plugin options. -->\n\n<p>Este domingo alrededor de las 19 hs. denunci\u00f3 en la comisaria local una mujer de 38 a\u00f1os que en la fecha, ubicado en calle Mitre y G\u00fcemes, constat\u00f3 mediante c\u00e1maras de seguridad en local comercial donde trabaja que a las 13 horas un ciudadano le sustrajo su bicicleta rodado 26, marca Melin y de color Lila, que se encontraba afuera del local atada a una reja con cadena y candado como medida de seguridad.<\/p>\n","protected":false},"excerpt":{"rendered":"<p>Este domingo alrededor de las 19 hs. denunci\u00f3 en la comisaria local una mujer de 38 a\u00f1os que en la fecha, ubicado en calle Mitre y G\u00fcemes, constat\u00f3 mediante c\u00e1maras de seguridad en local comercial donde trabaja que a las 13 horas un ciudadano le sustrajo su bicicleta rodado 26, marca Melin y de color [&hellip;]<\/p>\n","protected":false},"author":4,"featured_media":78774,"comment_status":"closed","ping_status":"closed","sticky":false,"template":"","format":"standard","meta":{"om_disable_all_campaigns":false,"_jetpack_memberships_contains_paid_content":false,"footnotes":""},"categories":[50,2,103],"tags":[197,33,95],"class_list":["post-107041","post","type-post","status-publish","format-standard","has-post-thumbnail","hentry","category-destacadas","category-locales","category-policiales-locales","tag-buenos-aires","tag-locales","tag-policiales"],"aioseo_notices":[],"gutentor_comment":0,"jetpack_featured_media_url":"https:\/\/eldiariodesanpedro.com.ar\/sitio\/wp-content\/uploads\/2020\/08\/Policia-de-noche-2014-695x510-1.jpg","jetpack_shortlink":"https:\/\/wp.me\/p6RhLt-rQt","jetpack_sharing_enabled":true,"_links":{"self":[{"href":"https:\/\/eldiariodesanpedro.com.ar\/sitio\/wp-json\/wp\/v2\/posts\/107041","targetHints":{"allow":["GET"]}}],"collection":[{"href":"https:\/\/eldiariodesanpedro.com.ar\/sitio\/wp-json\/wp\/v2\/posts"}],"about":[{"href":"https:\/\/eldiariodesanpedro.com.ar\/sitio\/wp-json\/wp\/v2\/types\/post"}],"author":[{"embeddable":true,"href":"https:\/\/eldiariodesanpedro.com.ar\/sitio\/wp-json\/wp\/v2\/users\/4"}],"replies":[{"embeddable":true,"href":"https:\/\/eldiariodesanpedro.com.ar\/sitio\/wp-json\/wp\/v2\/comments?post=107041"}],"version-history":[{"count":1,"href":"https:\/\/eldiariodesanpedro.com.ar\/sitio\/wp-json\/wp\/v2\/posts\/107041\/revisions"}],"predecessor-version":[{"id":107042,"href":"https:\/\/eldiariodesanpedro.com.ar\/sitio\/wp-json\/wp\/v2\/posts\/107041\/revisions\/107042"}],"wp:featuredmedia":[{"embeddable":true,"href":"https:\/\/eldiariodesanpedro.com.ar\/sitio\/wp-json\/wp\/v2\/media\/78774"}],"wp:attachment":[{"href":"https:\/\/eldiariodesanpedro.com.ar\/sitio\/wp-json\/wp\/v2\/media?parent=107041"}],"wp:term":[{"taxonomy":"category","embeddable":true,"href":"https:\/\/eldiariodesanpedro.com.ar\/sitio\/wp-json\/wp\/v2\/categories?post=107041"},{"taxonomy":"post_tag","embeddable":true,"href":"https:\/\/eldiariodesanpedro.com.ar\/sitio\/wp-json\/wp\/v2\/tags?post=107041"}],"curies":[{"name":"wp","href":"https:\/\/api.w.org\/{rel}","templated":true}]}}