{"id":107039,"date":"2022-05-16T11:33:03","date_gmt":"2022-05-16T14:33:03","guid":{"rendered":"https:\/\/eldiariodesanpedro.com.ar\/sitio\/?p=107039"},"modified":"2022-05-16T11:33:04","modified_gmt":"2022-05-16T14:33:04","slug":"dos-efectivos-policiales-heridos-en-una-gresca-familiar-donde-tambien-hubo-un-principio-de-incendio","status":"publish","type":"post","link":"https:\/\/eldiariodesanpedro.com.ar\/sitio\/dos-efectivos-policiales-heridos-en-una-gresca-familiar-donde-tambien-hubo-un-principio-de-incendio\/","title":{"rendered":"Dos efectivos policiales heridos en una gresca familiar donde tambi\u00e9n hubo un principio de incendio"},"content":{"rendered":"<!-- VideographyWP Plugin Message: Automatic video embedding prevented by plugin options. -->\n\n<p>Este s\u00e1bado, alrededor de las 15 horas el personal policial se hace presente en calle San Martin al 1300 aprehendiendo a ciudadano de 34 a\u00f1os, quien momentos previos incinera mercader\u00eda varias a v\u00edctima, siendo su ex pareja una mujer de 38 a\u00f1os.<br>Al momento de la aprehensi\u00f3n masculino descarta un arma blanca y un trozo de hierro, abalanz\u00e1ndose sobre dos efectivos policiales, a quienes agredi\u00f3 con golpes de pu\u00f1os.<br>Como consecuencia la v\u00edctima result\u00f3 ilesa, trasladada y asistida en la Comisar\u00eda de la Mujer y Familia de San Pedro.<br>El personal policial femenino presenta trauma cerrado brazo izquierdo y herida cortante pulgar izquierdo; y personal policial masculino presenta escoriaciones en brazo derecho y regi\u00f3n temporal izquierda, ambos con lesiones de car\u00e1cter leves.<br>Secuestros en el lugar un arma blanca y un trozo de hierro galvanizado.<br>Un imputado est\u00e1 alojado en la comisar\u00eda local.<\/p>\n","protected":false},"excerpt":{"rendered":"<p>Este s\u00e1bado, alrededor de las 15 horas el personal policial se hace presente en calle San Martin al 1300 aprehendiendo a ciudadano de 34 a\u00f1os, quien momentos previos incinera mercader\u00eda varias a v\u00edctima, siendo su ex pareja una mujer de 38 a\u00f1os.Al momento de la aprehensi\u00f3n masculino descarta un arma blanca y un trozo de [&hellip;]<\/p>\n","protected":false},"author":4,"featured_media":25826,"comment_status":"closed","ping_status":"closed","sticky":false,"template":"","format":"standard","meta":{"om_disable_all_campaigns":false,"_jetpack_memberships_contains_paid_content":false,"footnotes":""},"categories":[2,103],"tags":[197,33,95,19],"class_list":["post-107039","post","type-post","status-publish","format-standard","has-post-thumbnail","hentry","category-locales","category-policiales-locales","tag-buenos-aires","tag-locales","tag-policiales","tag-san-pedro"],"aioseo_notices":[],"gutentor_comment":0,"jetpack_featured_media_url":"https:\/\/eldiariodesanpedro.com.ar\/sitio\/wp-content\/uploads\/2017\/11\/Se-realiz\u00f3-un-allanamiento-donde-se-encontraron-armas-utilizadas-para-il\u00edcitos.jpg","jetpack_shortlink":"https:\/\/wp.me\/p6RhLt-rQr","jetpack_sharing_enabled":true,"_links":{"self":[{"href":"https:\/\/eldiariodesanpedro.com.ar\/sitio\/wp-json\/wp\/v2\/posts\/107039","targetHints":{"allow":["GET"]}}],"collection":[{"href":"https:\/\/eldiariodesanpedro.com.ar\/sitio\/wp-json\/wp\/v2\/posts"}],"about":[{"href":"https:\/\/eldiariodesanpedro.com.ar\/sitio\/wp-json\/wp\/v2\/types\/post"}],"author":[{"embeddable":true,"href":"https:\/\/eldiariodesanpedro.com.ar\/sitio\/wp-json\/wp\/v2\/users\/4"}],"replies":[{"embeddable":true,"href":"https:\/\/eldiariodesanpedro.com.ar\/sitio\/wp-json\/wp\/v2\/comments?post=107039"}],"version-history":[{"count":1,"href":"https:\/\/eldiariodesanpedro.com.ar\/sitio\/wp-json\/wp\/v2\/posts\/107039\/revisions"}],"predecessor-version":[{"id":107040,"href":"https:\/\/eldiariodesanpedro.com.ar\/sitio\/wp-json\/wp\/v2\/posts\/107039\/revisions\/107040"}],"wp:featuredmedia":[{"embeddable":true,"href":"https:\/\/eldiariodesanpedro.com.ar\/sitio\/wp-json\/wp\/v2\/media\/25826"}],"wp:attachment":[{"href":"https:\/\/eldiariodesanpedro.com.ar\/sitio\/wp-json\/wp\/v2\/media?parent=107039"}],"wp:term":[{"taxonomy":"category","embeddable":true,"href":"https:\/\/eldiariodesanpedro.com.ar\/sitio\/wp-json\/wp\/v2\/categories?post=107039"},{"taxonomy":"post_tag","embeddable":true,"href":"https:\/\/eldiariodesanpedro.com.ar\/sitio\/wp-json\/wp\/v2\/tags?post=107039"}],"curies":[{"name":"wp","href":"https:\/\/api.w.org\/{rel}","templated":true}]}}