{"id":107037,"date":"2022-05-16T11:30:23","date_gmt":"2022-05-16T14:30:23","guid":{"rendered":"https:\/\/eldiariodesanpedro.com.ar\/sitio\/?p=107037"},"modified":"2022-05-16T11:30:24","modified_gmt":"2022-05-16T14:30:24","slug":"una-mujer-recibio-amenazas-verbales-y-un-disparo-hacia-su-domicilio","status":"publish","type":"post","link":"https:\/\/eldiariodesanpedro.com.ar\/sitio\/una-mujer-recibio-amenazas-verbales-y-un-disparo-hacia-su-domicilio\/","title":{"rendered":"Una mujer recibi\u00f3 amenazas verbales y un disparo hacia su domicilio"},"content":{"rendered":"<!-- VideographyWP Plugin Message: Automatic video embedding prevented by plugin options. -->\n\n<p>Este domingo en horas del mediod\u00eda alrededor de las 12 horas denunci\u00f3 una mujer de 20 a\u00f1os en la comisar\u00eda local, que minutos antes en su morada ubicada en calle Fray C. Rodr\u00edguez al 1800, un ciudadano le refiere amenazas verbales y efect\u00faa disparo de arma de fuego impactando proyectil en el frente de su vivienda.<br>La denunciantes afortunadamente result\u00f3 ilesa, conflicto vieja data.<\/p>\n","protected":false},"excerpt":{"rendered":"<p>Este domingo en horas del mediod\u00eda alrededor de las 12 horas denunci\u00f3 una mujer de 20 a\u00f1os en la comisar\u00eda local, que minutos antes en su morada ubicada en calle Fray C. Rodr\u00edguez al 1800, un ciudadano le refiere amenazas verbales y efect\u00faa disparo de arma de fuego impactando proyectil en el frente de su [&hellip;]<\/p>\n","protected":false},"author":4,"featured_media":103679,"comment_status":"closed","ping_status":"closed","sticky":false,"template":"","format":"standard","meta":{"om_disable_all_campaigns":false,"_jetpack_memberships_contains_paid_content":false,"footnotes":""},"categories":[50,2,103],"tags":[197,33,95,19],"class_list":["post-107037","post","type-post","status-publish","format-standard","has-post-thumbnail","hentry","category-destacadas","category-locales","category-policiales-locales","tag-buenos-aires","tag-locales","tag-policiales","tag-san-pedro"],"aioseo_notices":[],"gutentor_comment":0,"jetpack_featured_media_url":"https:\/\/eldiariodesanpedro.com.ar\/sitio\/wp-content\/uploads\/2022\/02\/comisaria_san_pedro.jpg","jetpack_shortlink":"https:\/\/wp.me\/p6RhLt-rQp","jetpack_sharing_enabled":true,"_links":{"self":[{"href":"https:\/\/eldiariodesanpedro.com.ar\/sitio\/wp-json\/wp\/v2\/posts\/107037","targetHints":{"allow":["GET"]}}],"collection":[{"href":"https:\/\/eldiariodesanpedro.com.ar\/sitio\/wp-json\/wp\/v2\/posts"}],"about":[{"href":"https:\/\/eldiariodesanpedro.com.ar\/sitio\/wp-json\/wp\/v2\/types\/post"}],"author":[{"embeddable":true,"href":"https:\/\/eldiariodesanpedro.com.ar\/sitio\/wp-json\/wp\/v2\/users\/4"}],"replies":[{"embeddable":true,"href":"https:\/\/eldiariodesanpedro.com.ar\/sitio\/wp-json\/wp\/v2\/comments?post=107037"}],"version-history":[{"count":1,"href":"https:\/\/eldiariodesanpedro.com.ar\/sitio\/wp-json\/wp\/v2\/posts\/107037\/revisions"}],"predecessor-version":[{"id":107038,"href":"https:\/\/eldiariodesanpedro.com.ar\/sitio\/wp-json\/wp\/v2\/posts\/107037\/revisions\/107038"}],"wp:featuredmedia":[{"embeddable":true,"href":"https:\/\/eldiariodesanpedro.com.ar\/sitio\/wp-json\/wp\/v2\/media\/103679"}],"wp:attachment":[{"href":"https:\/\/eldiariodesanpedro.com.ar\/sitio\/wp-json\/wp\/v2\/media?parent=107037"}],"wp:term":[{"taxonomy":"category","embeddable":true,"href":"https:\/\/eldiariodesanpedro.com.ar\/sitio\/wp-json\/wp\/v2\/categories?post=107037"},{"taxonomy":"post_tag","embeddable":true,"href":"https:\/\/eldiariodesanpedro.com.ar\/sitio\/wp-json\/wp\/v2\/tags?post=107037"}],"curies":[{"name":"wp","href":"https:\/\/api.w.org\/{rel}","templated":true}]}}