{"id":107035,"date":"2022-05-16T11:27:38","date_gmt":"2022-05-16T14:27:38","guid":{"rendered":"https:\/\/eldiariodesanpedro.com.ar\/sitio\/?p=107035"},"modified":"2022-05-16T11:27:38","modified_gmt":"2022-05-16T14:27:38","slug":"cuatro-delincuentes-robaron-a-una-persona-su-celular-y-cincuenta-mil-pesos-en-queques","status":"publish","type":"post","link":"https:\/\/eldiariodesanpedro.com.ar\/sitio\/cuatro-delincuentes-robaron-a-una-persona-su-celular-y-cincuenta-mil-pesos-en-queques\/","title":{"rendered":"Cuatro delincuentes robaron a una persona su celular y cincuenta mil pesos en queques"},"content":{"rendered":"<!-- VideographyWP Plugin Message: Automatic video embedding prevented by plugin options. -->\n\n<p>Este domingo alrededor de las 12 hs denunci\u00f3 una mujer de 20 a\u00f1os que en la misma jornada siendo las 05 hs aproximadamente, en circunstancias que circulaba a pie por calle Hermano Indio y Auli, es sorprendida por cuatro delincuentes a bordo de dos motocicletas, donde los acompa\u00f1antes mediante intimidaci\u00f3n con arma blanca le sustraen un tel\u00e9fono celular y dos cheques de 25.000 pesos cada uno.<br>La v\u00edctima result\u00f3 ilesa.<\/p>\n","protected":false},"excerpt":{"rendered":"<p>Este domingo alrededor de las 12 hs denunci\u00f3 una mujer de 20 a\u00f1os que en la misma jornada siendo las 05 hs aproximadamente, en circunstancias que circulaba a pie por calle Hermano Indio y Auli, es sorprendida por cuatro delincuentes a bordo de dos motocicletas, donde los acompa\u00f1antes mediante intimidaci\u00f3n con arma blanca le sustraen [&hellip;]<\/p>\n","protected":false},"author":4,"featured_media":77860,"comment_status":"closed","ping_status":"closed","sticky":false,"template":"","format":"standard","meta":{"om_disable_all_campaigns":false,"_jetpack_memberships_contains_paid_content":false,"footnotes":""},"categories":[50,2,103],"tags":[197,33,95,19],"class_list":["post-107035","post","type-post","status-publish","format-standard","has-post-thumbnail","hentry","category-destacadas","category-locales","category-policiales-locales","tag-buenos-aires","tag-locales","tag-policiales","tag-san-pedro"],"aioseo_notices":[],"gutentor_comment":0,"jetpack_featured_media_url":"https:\/\/eldiariodesanpedro.com.ar\/sitio\/wp-content\/uploads\/2020\/07\/000085506.jpg","jetpack_shortlink":"https:\/\/wp.me\/p6RhLt-rQn","jetpack_sharing_enabled":true,"_links":{"self":[{"href":"https:\/\/eldiariodesanpedro.com.ar\/sitio\/wp-json\/wp\/v2\/posts\/107035","targetHints":{"allow":["GET"]}}],"collection":[{"href":"https:\/\/eldiariodesanpedro.com.ar\/sitio\/wp-json\/wp\/v2\/posts"}],"about":[{"href":"https:\/\/eldiariodesanpedro.com.ar\/sitio\/wp-json\/wp\/v2\/types\/post"}],"author":[{"embeddable":true,"href":"https:\/\/eldiariodesanpedro.com.ar\/sitio\/wp-json\/wp\/v2\/users\/4"}],"replies":[{"embeddable":true,"href":"https:\/\/eldiariodesanpedro.com.ar\/sitio\/wp-json\/wp\/v2\/comments?post=107035"}],"version-history":[{"count":1,"href":"https:\/\/eldiariodesanpedro.com.ar\/sitio\/wp-json\/wp\/v2\/posts\/107035\/revisions"}],"predecessor-version":[{"id":107036,"href":"https:\/\/eldiariodesanpedro.com.ar\/sitio\/wp-json\/wp\/v2\/posts\/107035\/revisions\/107036"}],"wp:featuredmedia":[{"embeddable":true,"href":"https:\/\/eldiariodesanpedro.com.ar\/sitio\/wp-json\/wp\/v2\/media\/77860"}],"wp:attachment":[{"href":"https:\/\/eldiariodesanpedro.com.ar\/sitio\/wp-json\/wp\/v2\/media?parent=107035"}],"wp:term":[{"taxonomy":"category","embeddable":true,"href":"https:\/\/eldiariodesanpedro.com.ar\/sitio\/wp-json\/wp\/v2\/categories?post=107035"},{"taxonomy":"post_tag","embeddable":true,"href":"https:\/\/eldiariodesanpedro.com.ar\/sitio\/wp-json\/wp\/v2\/tags?post=107035"}],"curies":[{"name":"wp","href":"https:\/\/api.w.org\/{rel}","templated":true}]}}