{"id":107033,"date":"2022-05-16T11:24:45","date_gmt":"2022-05-16T14:24:45","guid":{"rendered":"https:\/\/eldiariodesanpedro.com.ar\/sitio\/?p=107033"},"modified":"2022-05-16T11:24:46","modified_gmt":"2022-05-16T14:24:46","slug":"conductor-de-automovil-abre-la-puerta-sin-mirar-atras-provocando-el-choque-de-un-ciclista-el-automovilista-se-dio-a-la-fuga","status":"publish","type":"post","link":"https:\/\/eldiariodesanpedro.com.ar\/sitio\/conductor-de-automovil-abre-la-puerta-sin-mirar-atras-provocando-el-choque-de-un-ciclista-el-automovilista-se-dio-a-la-fuga\/","title":{"rendered":"Conductor de autom\u00f3vil abre la puerta sin mirar atr\u00e1s provocando el choque de un ciclista, el automovilista se dio a la fuga"},"content":{"rendered":"<!-- VideographyWP Plugin Message: Automatic video embedding prevented by plugin options. -->\n\n<p>Este domingo en horas de la ma\u00f1ana alrededor de las 11 hs denunci\u00f3 en la comisar\u00eda local una mujer de 51 a\u00f1os que siendo las 9:15 hs circunstancias circulaba a bordo de su bicicleta por calle Casella y Bottaro, es sorprendida por un ciudadano abre puerta de conductor de autom\u00f3vil marca Renault detenido v\u00eda p\u00fablica e impacta con esta cayendo al suelo.<\/p>\n\n\n\n<p>Lesiones de car\u00e1cter leves, conductor se retira del lugar sin aportar datos.<\/p>\n","protected":false},"excerpt":{"rendered":"<p>Este domingo en horas de la ma\u00f1ana alrededor de las 11 hs denunci\u00f3 en la comisar\u00eda local una mujer de 51 a\u00f1os que siendo las 9:15 hs circunstancias circulaba a bordo de su bicicleta por calle Casella y Bottaro, es sorprendida por un ciudadano abre puerta de conductor de autom\u00f3vil marca Renault detenido v\u00eda p\u00fablica [&hellip;]<\/p>\n","protected":false},"author":4,"featured_media":68764,"comment_status":"closed","ping_status":"closed","sticky":false,"template":"","format":"standard","meta":{"om_disable_all_campaigns":false,"_jetpack_memberships_contains_paid_content":false,"footnotes":""},"categories":[50,2,103],"tags":[197,33,95,19],"class_list":["post-107033","post","type-post","status-publish","format-standard","has-post-thumbnail","hentry","category-destacadas","category-locales","category-policiales-locales","tag-buenos-aires","tag-locales","tag-policiales","tag-san-pedro"],"aioseo_notices":[],"gutentor_comment":0,"jetpack_featured_media_url":"https:\/\/eldiariodesanpedro.com.ar\/sitio\/wp-content\/uploads\/2020\/02\/SAME-San-Pedro-3.jpg","jetpack_shortlink":"https:\/\/wp.me\/p6RhLt-rQl","jetpack_sharing_enabled":true,"_links":{"self":[{"href":"https:\/\/eldiariodesanpedro.com.ar\/sitio\/wp-json\/wp\/v2\/posts\/107033","targetHints":{"allow":["GET"]}}],"collection":[{"href":"https:\/\/eldiariodesanpedro.com.ar\/sitio\/wp-json\/wp\/v2\/posts"}],"about":[{"href":"https:\/\/eldiariodesanpedro.com.ar\/sitio\/wp-json\/wp\/v2\/types\/post"}],"author":[{"embeddable":true,"href":"https:\/\/eldiariodesanpedro.com.ar\/sitio\/wp-json\/wp\/v2\/users\/4"}],"replies":[{"embeddable":true,"href":"https:\/\/eldiariodesanpedro.com.ar\/sitio\/wp-json\/wp\/v2\/comments?post=107033"}],"version-history":[{"count":1,"href":"https:\/\/eldiariodesanpedro.com.ar\/sitio\/wp-json\/wp\/v2\/posts\/107033\/revisions"}],"predecessor-version":[{"id":107034,"href":"https:\/\/eldiariodesanpedro.com.ar\/sitio\/wp-json\/wp\/v2\/posts\/107033\/revisions\/107034"}],"wp:featuredmedia":[{"embeddable":true,"href":"https:\/\/eldiariodesanpedro.com.ar\/sitio\/wp-json\/wp\/v2\/media\/68764"}],"wp:attachment":[{"href":"https:\/\/eldiariodesanpedro.com.ar\/sitio\/wp-json\/wp\/v2\/media?parent=107033"}],"wp:term":[{"taxonomy":"category","embeddable":true,"href":"https:\/\/eldiariodesanpedro.com.ar\/sitio\/wp-json\/wp\/v2\/categories?post=107033"},{"taxonomy":"post_tag","embeddable":true,"href":"https:\/\/eldiariodesanpedro.com.ar\/sitio\/wp-json\/wp\/v2\/tags?post=107033"}],"curies":[{"name":"wp","href":"https:\/\/api.w.org\/{rel}","templated":true}]}}