{"id":10703,"date":"2016-11-25T18:57:55","date_gmt":"2016-11-25T21:57:55","guid":{"rendered":"https:\/\/eldiariodesanpedro.com.ar\/sitio\/?p=10703"},"modified":"2016-11-25T18:57:55","modified_gmt":"2016-11-25T21:57:55","slug":"accidente-en-ruta-9-un-camion-volco-su-acoplado","status":"publish","type":"post","link":"https:\/\/eldiariodesanpedro.com.ar\/sitio\/accidente-en-ruta-9-un-camion-volco-su-acoplado\/","title":{"rendered":"Accidente en ruta 9: Un cami\u00f3n volc\u00f3 su acoplado"},"content":{"rendered":"<p><!-- VideographyWP Plugin Message: Automatic video embedding prevented by plugin options. --><br \/>\nUn cami\u00f3n que se dirig\u00eda a Rosario desde Chile, con productos frescos, protagoniz\u00f3 un accidente en la Ruta Nacional N\u00ba 9 en la ma\u00f1ana de ayer.<\/p>\n<p>Seg\u00fan cont\u00f3 el conductor, sal\u00eda del parador La Granja e ingresaba a la autopista en direcci\u00f3n a Rosario. Otro cami\u00f3n le dio paso al abrirse y en ese momento se interpone un autom\u00f3vil que ven\u00eda a toda velocidad por el carril lento. Es por ello que el chofer realiz\u00f3 una brusca maniobra para evitar la colisi\u00f3n, perdiendo el control de su veh\u00edculo y esto produjo que volcara el acoplado, por lo que qued\u00f3 sobre uno de sus laterales.<\/p>\n<p>El hombre de nacionalidad chilena que manejaba el rodado no sufri\u00f3 lesiones y aguard\u00f3 en la ruta la soluci\u00f3n con otro transporte para que la mercader\u00eda llegue a destino.<\/p>\n","protected":false},"excerpt":{"rendered":"<p>Un cami\u00f3n que se dirig\u00eda a Rosario desde Chile, con productos frescos, protagoniz\u00f3 un accidente en la Ruta Nacional N\u00ba 9 en la ma\u00f1ana de ayer. Seg\u00fan cont\u00f3 el conductor, sal\u00eda del parador La Granja e ingresaba a la autopista en direcci\u00f3n a Rosario. Otro cami\u00f3n le dio paso al abrirse y en ese momento [&hellip;]<\/p>\n","protected":false},"author":4,"featured_media":10704,"comment_status":"open","ping_status":"closed","sticky":false,"template":"","format":"standard","meta":{"om_disable_all_campaigns":false,"_jetpack_memberships_contains_paid_content":false,"footnotes":""},"categories":[2,103],"tags":[],"class_list":["post-10703","post","type-post","status-publish","format-standard","has-post-thumbnail","hentry","category-locales","category-policiales-locales"],"aioseo_notices":[],"gutentor_comment":0,"jetpack_featured_media_url":"https:\/\/eldiariodesanpedro.com.ar\/sitio\/wp-content\/uploads\/2016\/11\/El-acoplado-volcado.jpg","jetpack_shortlink":"https:\/\/wp.me\/p6RhLt-2MD","jetpack_sharing_enabled":true,"_links":{"self":[{"href":"https:\/\/eldiariodesanpedro.com.ar\/sitio\/wp-json\/wp\/v2\/posts\/10703","targetHints":{"allow":["GET"]}}],"collection":[{"href":"https:\/\/eldiariodesanpedro.com.ar\/sitio\/wp-json\/wp\/v2\/posts"}],"about":[{"href":"https:\/\/eldiariodesanpedro.com.ar\/sitio\/wp-json\/wp\/v2\/types\/post"}],"author":[{"embeddable":true,"href":"https:\/\/eldiariodesanpedro.com.ar\/sitio\/wp-json\/wp\/v2\/users\/4"}],"replies":[{"embeddable":true,"href":"https:\/\/eldiariodesanpedro.com.ar\/sitio\/wp-json\/wp\/v2\/comments?post=10703"}],"version-history":[{"count":1,"href":"https:\/\/eldiariodesanpedro.com.ar\/sitio\/wp-json\/wp\/v2\/posts\/10703\/revisions"}],"predecessor-version":[{"id":10705,"href":"https:\/\/eldiariodesanpedro.com.ar\/sitio\/wp-json\/wp\/v2\/posts\/10703\/revisions\/10705"}],"wp:featuredmedia":[{"embeddable":true,"href":"https:\/\/eldiariodesanpedro.com.ar\/sitio\/wp-json\/wp\/v2\/media\/10704"}],"wp:attachment":[{"href":"https:\/\/eldiariodesanpedro.com.ar\/sitio\/wp-json\/wp\/v2\/media?parent=10703"}],"wp:term":[{"taxonomy":"category","embeddable":true,"href":"https:\/\/eldiariodesanpedro.com.ar\/sitio\/wp-json\/wp\/v2\/categories?post=10703"},{"taxonomy":"post_tag","embeddable":true,"href":"https:\/\/eldiariodesanpedro.com.ar\/sitio\/wp-json\/wp\/v2\/tags?post=10703"}],"curies":[{"name":"wp","href":"https:\/\/api.w.org\/{rel}","templated":true}]}}