{"id":107027,"date":"2022-05-13T21:13:44","date_gmt":"2022-05-14T00:13:44","guid":{"rendered":"https:\/\/eldiariodesanpedro.com.ar\/sitio\/?p=107027"},"modified":"2022-05-13T21:13:45","modified_gmt":"2022-05-14T00:13:45","slug":"llevaba-marihuana-dentro-de-un-paquete-de-cheetos","status":"publish","type":"post","link":"https:\/\/eldiariodesanpedro.com.ar\/sitio\/llevaba-marihuana-dentro-de-un-paquete-de-cheetos\/","title":{"rendered":"Llevaba marihuana dentro de un paquete de Cheetos"},"content":{"rendered":"<!-- VideographyWP Plugin Message: Automatic video embedding prevented by plugin options. -->\n\n<p>Nuevamente, el Destacamento de la Polic\u00eda Vial logr\u00f3 hallar en un veh\u00edculo elementos de procedencia il\u00edcita. En esta oportunidad, fue interceptado un autom\u00f3vil Peugeot 208 en el que se dirig\u00edan tres personas de sexo masculino, de 27 y dos de 28, que luego se pudo identificar que uno de ellos es de nacionalidad colombiana y argentinos los restantes.<\/p>\n\n\n\n<p>Los mismo viajaban de Buenos Aires a Rosario bajo la modalidad \u00abviaje compartido\u00bb que se concreta a trav\u00e9s de una aplicaci\u00f3n.<\/p>\n\n\n\n<p>En la requisa, en poder del extranjero, el personal a cargo del oficial principal Diego Guzm\u00e1n, hallaron&nbsp; 59 gramos de marihuana (cogollos) el cual transportaba en el interior de un paquete de chizitos.<\/p>\n\n\n\n<p>Interviene la UFI 5 San Pedro Dr. Manso Marcelo; que determin\u00f3 que el imputado sea notificado por la conformaci\u00f3n de la causa tenencia de Estupefacientes para consumo personal.<\/p>\n\n\n\n<figure class=\"wp-block-image size-large\"><img decoding=\"async\" width=\"1024\" height=\"473\" data-attachment-id=\"107030\" data-permalink=\"https:\/\/eldiariodesanpedro.com.ar\/sitio\/llevaba-marihuana-dentro-de-un-paquete-de-cheetos\/whatsapp-image-2022-05-13-at-2-40-56-pm-1\/\" data-orig-file=\"https:\/\/eldiariodesanpedro.com.ar\/sitio\/wp-content\/uploads\/2022\/05\/WhatsApp-Image-2022-05-13-at-2.40.56-PM-1.jpeg\" data-orig-size=\"1040,480\" data-comments-opened=\"0\" data-image-meta=\"{&quot;aperture&quot;:&quot;0&quot;,&quot;credit&quot;:&quot;&quot;,&quot;camera&quot;:&quot;&quot;,&quot;caption&quot;:&quot;&quot;,&quot;created_timestamp&quot;:&quot;0&quot;,&quot;copyright&quot;:&quot;&quot;,&quot;focal_length&quot;:&quot;0&quot;,&quot;iso&quot;:&quot;0&quot;,&quot;shutter_speed&quot;:&quot;0&quot;,&quot;title&quot;:&quot;&quot;,&quot;orientation&quot;:&quot;0&quot;}\" data-image-title=\"WhatsApp Image 2022-05-13 at 2.40.56 PM (1)\" data-image-description=\"\" data-image-caption=\"\" data-large-file=\"https:\/\/eldiariodesanpedro.com.ar\/sitio\/wp-content\/uploads\/2022\/05\/WhatsApp-Image-2022-05-13-at-2.40.56-PM-1-1024x473.jpeg\" data-src=\"https:\/\/eldiariodesanpedro.com.ar\/sitio\/wp-content\/uploads\/2022\/05\/WhatsApp-Image-2022-05-13-at-2.40.56-PM-1-1024x473.jpeg\" alt=\"\" class=\"wp-image-107030 lazyload\" data-srcset=\"https:\/\/eldiariodesanpedro.com.ar\/sitio\/wp-content\/uploads\/2022\/05\/WhatsApp-Image-2022-05-13-at-2.40.56-PM-1-1024x473.jpeg 1024w, https:\/\/eldiariodesanpedro.com.ar\/sitio\/wp-content\/uploads\/2022\/05\/WhatsApp-Image-2022-05-13-at-2.40.56-PM-1-300x138.jpeg 300w, https:\/\/eldiariodesanpedro.com.ar\/sitio\/wp-content\/uploads\/2022\/05\/WhatsApp-Image-2022-05-13-at-2.40.56-PM-1-768x354.jpeg 768w, https:\/\/eldiariodesanpedro.com.ar\/sitio\/wp-content\/uploads\/2022\/05\/WhatsApp-Image-2022-05-13-at-2.40.56-PM-1.jpeg 1040w\" data-sizes=\"(max-width: 1024px) 100vw, 1024px\" src=\"data:image\/svg+xml;base64,PHN2ZyB3aWR0aD0iMSIgaGVpZ2h0PSIxIiB4bWxucz0iaHR0cDovL3d3dy53My5vcmcvMjAwMC9zdmciPjwvc3ZnPg==\" style=\"--smush-placeholder-width: 1024px; --smush-placeholder-aspect-ratio: 1024\/473;\" \/><\/figure>\n\n\n\n<figure class=\"wp-block-image size-full\"><img decoding=\"async\" width=\"291\" height=\"630\" data-attachment-id=\"107031\" data-permalink=\"https:\/\/eldiariodesanpedro.com.ar\/sitio\/llevaba-marihuana-dentro-de-un-paquete-de-cheetos\/whatsapp-image-2022-05-13-at-2-40-54-pm\/\" data-orig-file=\"https:\/\/eldiariodesanpedro.com.ar\/sitio\/wp-content\/uploads\/2022\/05\/WhatsApp-Image-2022-05-13-at-2.40.54-PM.jpeg\" data-orig-size=\"291,630\" data-comments-opened=\"0\" data-image-meta=\"{&quot;aperture&quot;:&quot;0&quot;,&quot;credit&quot;:&quot;&quot;,&quot;camera&quot;:&quot;&quot;,&quot;caption&quot;:&quot;&quot;,&quot;created_timestamp&quot;:&quot;0&quot;,&quot;copyright&quot;:&quot;&quot;,&quot;focal_length&quot;:&quot;0&quot;,&quot;iso&quot;:&quot;0&quot;,&quot;shutter_speed&quot;:&quot;0&quot;,&quot;title&quot;:&quot;&quot;,&quot;orientation&quot;:&quot;0&quot;}\" data-image-title=\"WhatsApp Image 2022-05-13 at 2.40.54 PM\" data-image-description=\"\" data-image-caption=\"\" data-large-file=\"https:\/\/eldiariodesanpedro.com.ar\/sitio\/wp-content\/uploads\/2022\/05\/WhatsApp-Image-2022-05-13-at-2.40.54-PM.jpeg\" data-src=\"https:\/\/eldiariodesanpedro.com.ar\/sitio\/wp-content\/uploads\/2022\/05\/WhatsApp-Image-2022-05-13-at-2.40.54-PM.jpeg\" alt=\"\" class=\"wp-image-107031 lazyload\" data-srcset=\"https:\/\/eldiariodesanpedro.com.ar\/sitio\/wp-content\/uploads\/2022\/05\/WhatsApp-Image-2022-05-13-at-2.40.54-PM.jpeg 291w, https:\/\/eldiariodesanpedro.com.ar\/sitio\/wp-content\/uploads\/2022\/05\/WhatsApp-Image-2022-05-13-at-2.40.54-PM-139x300.jpeg 139w\" data-sizes=\"(max-width: 291px) 100vw, 291px\" src=\"data:image\/svg+xml;base64,PHN2ZyB3aWR0aD0iMSIgaGVpZ2h0PSIxIiB4bWxucz0iaHR0cDovL3d3dy53My5vcmcvMjAwMC9zdmciPjwvc3ZnPg==\" style=\"--smush-placeholder-width: 291px; --smush-placeholder-aspect-ratio: 291\/630;\" \/><\/figure>\n","protected":false},"excerpt":{"rendered":"<p>Nuevamente, el Destacamento de la Polic\u00eda Vial logr\u00f3 hallar en un veh\u00edculo elementos de procedencia il\u00edcita. En esta oportunidad, fue interceptado un autom\u00f3vil Peugeot 208 en el que se dirig\u00edan tres personas de sexo masculino, de 27 y dos de 28, que luego se pudo identificar que uno de ellos es de nacionalidad colombiana y [&hellip;]<\/p>\n","protected":false},"author":4,"featured_media":107029,"comment_status":"closed","ping_status":"closed","sticky":false,"template":"","format":"standard","meta":{"om_disable_all_campaigns":false,"_jetpack_memberships_contains_paid_content":false,"footnotes":""},"categories":[50,2,103],"tags":[197,696,33,19],"class_list":["post-107027","post","type-post","status-publish","format-standard","has-post-thumbnail","hentry","category-destacadas","category-locales","category-policiales-locales","tag-buenos-aires","tag-interes-general","tag-locales","tag-san-pedro"],"aioseo_notices":[],"gutentor_comment":0,"jetpack_featured_media_url":"https:\/\/eldiariodesanpedro.com.ar\/sitio\/wp-content\/uploads\/2022\/05\/medida-9.jpg","jetpack_shortlink":"https:\/\/wp.me\/p6RhLt-rQf","jetpack_sharing_enabled":true,"_links":{"self":[{"href":"https:\/\/eldiariodesanpedro.com.ar\/sitio\/wp-json\/wp\/v2\/posts\/107027","targetHints":{"allow":["GET"]}}],"collection":[{"href":"https:\/\/eldiariodesanpedro.com.ar\/sitio\/wp-json\/wp\/v2\/posts"}],"about":[{"href":"https:\/\/eldiariodesanpedro.com.ar\/sitio\/wp-json\/wp\/v2\/types\/post"}],"author":[{"embeddable":true,"href":"https:\/\/eldiariodesanpedro.com.ar\/sitio\/wp-json\/wp\/v2\/users\/4"}],"replies":[{"embeddable":true,"href":"https:\/\/eldiariodesanpedro.com.ar\/sitio\/wp-json\/wp\/v2\/comments?post=107027"}],"version-history":[{"count":1,"href":"https:\/\/eldiariodesanpedro.com.ar\/sitio\/wp-json\/wp\/v2\/posts\/107027\/revisions"}],"predecessor-version":[{"id":107032,"href":"https:\/\/eldiariodesanpedro.com.ar\/sitio\/wp-json\/wp\/v2\/posts\/107027\/revisions\/107032"}],"wp:featuredmedia":[{"embeddable":true,"href":"https:\/\/eldiariodesanpedro.com.ar\/sitio\/wp-json\/wp\/v2\/media\/107029"}],"wp:attachment":[{"href":"https:\/\/eldiariodesanpedro.com.ar\/sitio\/wp-json\/wp\/v2\/media?parent=107027"}],"wp:term":[{"taxonomy":"category","embeddable":true,"href":"https:\/\/eldiariodesanpedro.com.ar\/sitio\/wp-json\/wp\/v2\/categories?post=107027"},{"taxonomy":"post_tag","embeddable":true,"href":"https:\/\/eldiariodesanpedro.com.ar\/sitio\/wp-json\/wp\/v2\/tags?post=107027"}],"curies":[{"name":"wp","href":"https:\/\/api.w.org\/{rel}","templated":true}]}}