{"id":107022,"date":"2022-05-13T17:04:56","date_gmt":"2022-05-13T20:04:56","guid":{"rendered":"https:\/\/eldiariodesanpedro.com.ar\/sitio\/?p=107022"},"modified":"2022-05-13T17:04:57","modified_gmt":"2022-05-13T20:04:57","slug":"en-el-regreso-de-conectar-igualdad-a-san-pedro-entregaron-53-netbooks-en-la-tosquera%ef%bf%bc","status":"publish","type":"post","link":"https:\/\/eldiariodesanpedro.com.ar\/sitio\/en-el-regreso-de-conectar-igualdad-a-san-pedro-entregaron-53-netbooks-en-la-tosquera%ef%bf%bc\/","title":{"rendered":"En el regreso de Conectar Igualdad a San Pedro, entregaron 53 netbooks en La Tosquera\ufffc"},"content":{"rendered":"<!-- VideographyWP Plugin Message: Automatic video embedding prevented by plugin options. -->\n\n<p>La jefatura distrital de Educaci\u00f3n que encabeza en nuestro distrito Marcela Luchessi hizo entrega de 53 computadoras a alumnos y alumnas de primero, segundo y tercer a\u00f1o de la Escuela Secundaria 16 de La Tosquera. Se trata del regreso de uno de los programas m\u00e1s inclusivos de los \u00faltimos tiempos en materia educativa.\u00a0<\/p>\n\n\n\n<p>Este jueves,&nbsp;<strong>San Pedro recibi\u00f3 53 netbooks en el marco del programa Conectar Igualdad<\/strong>, recuperado por la actual gesti\u00f3n tras el vaciamiento del mismo durante el macrismo. Fue la&nbsp;<strong>Escuela Secundaria 16 de La Tosquera<\/strong>&nbsp;la primera beneficiaria de la entrega, en un acto que lamentablemente no cont\u00f3 con la presencia del intendente Ram\u00f3n Salazar y su gabinete. &nbsp;<\/p>\n\n\n\n<p>En el acto s\u00ed estuvieron presentes la&nbsp;<strong>jefa distrital de Educaci\u00f3n Marcela Luchessi<\/strong>&nbsp;junto a la&nbsp;<strong>inspectora de Psicolog\u00eda Mara Oru\u00e9<\/strong>; la&nbsp;<strong>secretaria de Pol\u00edticas de G\u00e9nero, Mujeres y Diversidad Laura Monfasani<\/strong>; la&nbsp;<strong>directora de Educaci\u00f3n Municipal Mariana Toscanini<\/strong>; el&nbsp;<strong>consejero Jorge D\u00b4Andrea<\/strong>; junto a responsables regionales del programa que depende del ministerio de Educaci\u00f3n de la Naci\u00f3n, adem\u00e1s de quienes recibieron las netbooks y sus familias.<\/p>\n\n\n\n<p>Durante su discurso, Luchessi destac\u00f3 la&nbsp;<strong>importancia de retomar este programa que apunta a la soberan\u00eda digital de nuestros j\u00f3venes y que fue interrumpido durante la gesti\u00f3n de Cambiemos.<\/strong>&nbsp;En este sentido, la funcionaria sostuvo que el haberlo sostenido&nbsp;<strong>hubiese permitido tener una herramienta a favor de la inclusi\u00f3n y continuidad pedag\u00f3gica durante la pandemia y el consecuente aislamiento<\/strong>.&nbsp;<\/p>\n\n\n\n<p>Los responsables regionales del programa, por otra parte, explicaron sobre el correcto uso de los dispositivos para poder conservarlos, ante la mirada y atenta escucha de las y los alumnos, muy felices con la oportunidad.&nbsp;<\/p>\n\n\n\n<p><strong>Conectar Igualdad es un programa del Ministerio de Educaci\u00f3n Nacional creado en 2010&nbsp;<\/strong>como una pol\u00edtica de inclusi\u00f3n digital de alcance federal que contempla la distribuci\u00f3n de material educativo y tecnol\u00f3gico y el despliegue de acciones de conectividad.<\/p>\n\n\n\n<p>La iniciativa fue abandonada por el anterior de Mauricio Macri y ahora es retomada por la actual gesti\u00f3n. Busca recuperar y valorizar la escuela p\u00fablica con el fin de reducir las brechas digitales, educativas y sociales en toda la extensi\u00f3n de nuestro pa\u00eds.<\/p>\n","protected":false},"excerpt":{"rendered":"<p>La jefatura distrital de Educaci\u00f3n que encabeza en nuestro distrito Marcela Luchessi hizo entrega de 53 computadoras a alumnos y alumnas de primero, segundo y tercer a\u00f1o de la Escuela Secundaria 16 de La Tosquera. Se trata del regreso de uno de los programas m\u00e1s inclusivos de los \u00faltimos tiempos en materia educativa.\u00a0 Este jueves,&nbsp;San [&hellip;]<\/p>\n","protected":false},"author":4,"featured_media":107023,"comment_status":"closed","ping_status":"closed","sticky":false,"template":"","format":"standard","meta":{"om_disable_all_campaigns":false,"_jetpack_memberships_contains_paid_content":false,"footnotes":""},"categories":[50,101,2],"tags":[197,696,33,19],"class_list":["post-107022","post","type-post","status-publish","format-standard","has-post-thumbnail","hentry","category-destacadas","category-interes-general-locales","category-locales","tag-buenos-aires","tag-interes-general","tag-locales","tag-san-pedro"],"aioseo_notices":[],"gutentor_comment":0,"jetpack_featured_media_url":"https:\/\/eldiariodesanpedro.com.ar\/sitio\/wp-content\/uploads\/2022\/05\/conectar-igualdad_0.jpg","jetpack_shortlink":"https:\/\/wp.me\/p6RhLt-rQa","jetpack_sharing_enabled":true,"_links":{"self":[{"href":"https:\/\/eldiariodesanpedro.com.ar\/sitio\/wp-json\/wp\/v2\/posts\/107022","targetHints":{"allow":["GET"]}}],"collection":[{"href":"https:\/\/eldiariodesanpedro.com.ar\/sitio\/wp-json\/wp\/v2\/posts"}],"about":[{"href":"https:\/\/eldiariodesanpedro.com.ar\/sitio\/wp-json\/wp\/v2\/types\/post"}],"author":[{"embeddable":true,"href":"https:\/\/eldiariodesanpedro.com.ar\/sitio\/wp-json\/wp\/v2\/users\/4"}],"replies":[{"embeddable":true,"href":"https:\/\/eldiariodesanpedro.com.ar\/sitio\/wp-json\/wp\/v2\/comments?post=107022"}],"version-history":[{"count":1,"href":"https:\/\/eldiariodesanpedro.com.ar\/sitio\/wp-json\/wp\/v2\/posts\/107022\/revisions"}],"predecessor-version":[{"id":107024,"href":"https:\/\/eldiariodesanpedro.com.ar\/sitio\/wp-json\/wp\/v2\/posts\/107022\/revisions\/107024"}],"wp:featuredmedia":[{"embeddable":true,"href":"https:\/\/eldiariodesanpedro.com.ar\/sitio\/wp-json\/wp\/v2\/media\/107023"}],"wp:attachment":[{"href":"https:\/\/eldiariodesanpedro.com.ar\/sitio\/wp-json\/wp\/v2\/media?parent=107022"}],"wp:term":[{"taxonomy":"category","embeddable":true,"href":"https:\/\/eldiariodesanpedro.com.ar\/sitio\/wp-json\/wp\/v2\/categories?post=107022"},{"taxonomy":"post_tag","embeddable":true,"href":"https:\/\/eldiariodesanpedro.com.ar\/sitio\/wp-json\/wp\/v2\/tags?post=107022"}],"curies":[{"name":"wp","href":"https:\/\/api.w.org\/{rel}","templated":true}]}}