{"id":107019,"date":"2022-05-13T16:51:45","date_gmt":"2022-05-13T19:51:45","guid":{"rendered":"https:\/\/eldiariodesanpedro.com.ar\/sitio\/?p=107019"},"modified":"2022-05-13T16:51:46","modified_gmt":"2022-05-13T19:51:46","slug":"fue-detenida-joven-con-prision-preventiva-en-comunidad-terapeutica-que-se-escapo","status":"publish","type":"post","link":"https:\/\/eldiariodesanpedro.com.ar\/sitio\/fue-detenida-joven-con-prision-preventiva-en-comunidad-terapeutica-que-se-escapo\/","title":{"rendered":"Fue detenida joven con prisi\u00f3n preventiva en comunidad terap\u00e9utica que se escap\u00f3"},"content":{"rendered":"<!-- VideographyWP Plugin Message: Automatic video embedding prevented by plugin options. -->\n\n<p>Ayer en horas de la ma\u00f1ana personal policial en Gral. Pueyrred\u00f3n al 1600 detuvo a una mujer de 18 a\u00f1os oriunda de Pilar, sobre quien pesaba orden de detenci\u00f3n en causa robo calificado y lesiones graves a requerimiento Juzgado Juvenil de la ciudad de Pilar.&nbsp;<\/p>\n\n\n\n<p>El procedimiento se dio a ra\u00edz de que la detenida se ausent\u00f3 de Comunidad Terap\u00e9utica, donde cumpl\u00eda&nbsp; beneficio alternativo a prisi\u00f3n preventiva dispuesta por esa Justicia.&nbsp;<\/p>\n\n\n\n<p>Trasladada a sede policial, fue reubicada en calabozos de dependencia policial acorde de la ciudad de Pergamino que se efectiviz\u00f3 en la tarde de ayer donde purgar\u00e1 condena.&nbsp;<\/p>\n","protected":false},"excerpt":{"rendered":"<p>Ayer en horas de la ma\u00f1ana personal policial en Gral. Pueyrred\u00f3n al 1600 detuvo a una mujer de 18 a\u00f1os oriunda de Pilar, sobre quien pesaba orden de detenci\u00f3n en causa robo calificado y lesiones graves a requerimiento Juzgado Juvenil de la ciudad de Pilar.&nbsp; El procedimiento se dio a ra\u00edz de que la detenida [&hellip;]<\/p>\n","protected":false},"author":4,"featured_media":107020,"comment_status":"closed","ping_status":"closed","sticky":false,"template":"","format":"standard","meta":{"om_disable_all_campaigns":false,"_jetpack_memberships_contains_paid_content":false,"footnotes":""},"categories":[50,2,103],"tags":[197,33,95,19],"class_list":["post-107019","post","type-post","status-publish","format-standard","has-post-thumbnail","hentry","category-destacadas","category-locales","category-policiales-locales","tag-buenos-aires","tag-locales","tag-policiales","tag-san-pedro"],"aioseo_notices":[],"gutentor_comment":0,"jetpack_featured_media_url":"https:\/\/eldiariodesanpedro.com.ar\/sitio\/wp-content\/uploads\/2022\/05\/detenida-perg.jpg","jetpack_shortlink":"https:\/\/wp.me\/p6RhLt-rQ7","jetpack_sharing_enabled":true,"_links":{"self":[{"href":"https:\/\/eldiariodesanpedro.com.ar\/sitio\/wp-json\/wp\/v2\/posts\/107019","targetHints":{"allow":["GET"]}}],"collection":[{"href":"https:\/\/eldiariodesanpedro.com.ar\/sitio\/wp-json\/wp\/v2\/posts"}],"about":[{"href":"https:\/\/eldiariodesanpedro.com.ar\/sitio\/wp-json\/wp\/v2\/types\/post"}],"author":[{"embeddable":true,"href":"https:\/\/eldiariodesanpedro.com.ar\/sitio\/wp-json\/wp\/v2\/users\/4"}],"replies":[{"embeddable":true,"href":"https:\/\/eldiariodesanpedro.com.ar\/sitio\/wp-json\/wp\/v2\/comments?post=107019"}],"version-history":[{"count":1,"href":"https:\/\/eldiariodesanpedro.com.ar\/sitio\/wp-json\/wp\/v2\/posts\/107019\/revisions"}],"predecessor-version":[{"id":107021,"href":"https:\/\/eldiariodesanpedro.com.ar\/sitio\/wp-json\/wp\/v2\/posts\/107019\/revisions\/107021"}],"wp:featuredmedia":[{"embeddable":true,"href":"https:\/\/eldiariodesanpedro.com.ar\/sitio\/wp-json\/wp\/v2\/media\/107020"}],"wp:attachment":[{"href":"https:\/\/eldiariodesanpedro.com.ar\/sitio\/wp-json\/wp\/v2\/media?parent=107019"}],"wp:term":[{"taxonomy":"category","embeddable":true,"href":"https:\/\/eldiariodesanpedro.com.ar\/sitio\/wp-json\/wp\/v2\/categories?post=107019"},{"taxonomy":"post_tag","embeddable":true,"href":"https:\/\/eldiariodesanpedro.com.ar\/sitio\/wp-json\/wp\/v2\/tags?post=107019"}],"curies":[{"name":"wp","href":"https:\/\/api.w.org\/{rel}","templated":true}]}}