{"id":107016,"date":"2022-05-13T15:55:03","date_gmt":"2022-05-13T18:55:03","guid":{"rendered":"https:\/\/eldiariodesanpedro.com.ar\/sitio\/?p=107016"},"modified":"2022-05-13T15:55:04","modified_gmt":"2022-05-13T18:55:04","slug":"el-sampedrino-lalo-mir-inicio-una-nueva-temporada-de-encuentro-en-el-estudio","status":"publish","type":"post","link":"https:\/\/eldiariodesanpedro.com.ar\/sitio\/el-sampedrino-lalo-mir-inicio-una-nueva-temporada-de-encuentro-en-el-estudio\/","title":{"rendered":"El sampedrino Lalo Mir inici\u00f3 una nueva temporada de \u201cEncuentro en el Estudio\u201d"},"content":{"rendered":"<!-- VideographyWP Plugin Message: Automatic video embedding prevented by plugin options. -->\n\n<p>El locutor y conductor sampedrino protagoniza una de las propuestas de mayor rating en los canales de cables. El programa distendido e informal re\u00fane a los m\u00fasicos m\u00e1s destacados del pa\u00eds.<\/p>\n\n\n\n<p>En el marco de los 15 a\u00f1os del Canal Encuentro ya est\u00e1 en marcha la programaci\u00f3n que ofrece una variada oferta y lo posicionan entre los m\u00e1s vistos de los canales de cables.<\/p>\n\n\n\n<p>Una de las alternativas m\u00e1s vistas es \u201cEncuentro en el Estudio\u201d, el programa conducido por el sampedrino Lalo Mir, que es un verdadero emblema de la se\u00f1al y comenz\u00f3 su octava temporada.<\/p>\n\n\n\n<p>El locutor y conductor, a quien se lo ve a diario caminando por las calles de la ciudad, particip\u00f3 de una entrevista en el programa Urbano, que se emite todas las tardes en FM G\u00e9nesis, y habl\u00f3 de la nueva temporada del programa.<\/p>\n\n\n\n<p>\u201cHac\u00eda dos o tres a\u00f1os que no lo hac\u00edamos, y si bien los programas son grabados o sea que no tiene la adrenalina del vivo, es un debut que est\u00e1 marcado por la temporalidad\u201d.<\/p>\n\n\n\n<p>\u201cEl programa con Valeria Lynch se grab\u00f3, creo que a principios de diciembre, lo vi, me sent\u00e9 a verlo y nada, estuvo muy bueno. Es el primero de la serie de esta temporada\u201d, remarc\u00f3.<\/p>\n\n\n\n<p>\u201cEst\u00e1 temporada son ocho cap\u00edtulos. S\u00ed, cortito; tenemos para la primera mitad del a\u00f1o, despu\u00e9s veremos s\u00ed haremos otros cap\u00edtulos para la otra mitad del a\u00f1o, dependemos del cronograma que no manejamos nosotros, sino que son de la grilla del canal Encuentro\u201d.<\/p>\n\n\n\n<p>\u201cNo fue en guion, el estudio donde grabamos tradicionalmente es un estudio al pie, que era el estudio que ahora cerr\u00f3, de Alejandro Lerner, o sea que tambi\u00e9n qued\u00f3 un documento hist\u00f3rico, ese estudio donde han grabado incre\u00edbles m\u00fasicos nacionales y extranjeros\u201d, cont\u00f3 Lalo Mir.<\/p>\n\n\n\n<p>Con respecto al programa el conductor asegur\u00f3 que lo vio muy bien, \u201cValeria es una profesional tremenda\u201d. \u201cEstar al lado como estaba yo es mucho m\u00e1s impresionante todav\u00eda, porque nada, es como que la ves y est\u00e1s al lado, le sent\u00eds la respiraci\u00f3n. Ves los trucos, como se mueve, como respira. Porque es una privilegiada, tiene un instrumento\u2026 sus cuerdas vocales, ella no pifia nunca\u201d, destac\u00f3.<\/p>\n\n\n\n<p>\u201cPara m\u00ed el valor agregado de \u201cEncuentro en el Estudio\u201d es que es un programa que no lo ve la gente del palo. El rockero mira programas de rock, el tanguero mira programas de tango y Encuentro en el Estudio, el que se enganch\u00f3 a verlo lo ve, aunque el invitado que est\u00e9 no sea de tu afecto cultural y art\u00edstico, es como que entend\u00e9s su vida, su obra, es una peque\u00f1a clase. Y la verdad es que est\u00e1 bueno, los programas est\u00e1n impecables\u201d.<\/p>\n\n\n\n<p>\u201cEncuentro en el Estudio va todos los jueves a las 22 horas, despu\u00e9s se repite a las 00.30 horas, despu\u00e9s hay otro d\u00eda que se da, o sea que durante la semana siguiente se repite varias veces\u201d.<\/p>\n","protected":false},"excerpt":{"rendered":"<p>El locutor y conductor sampedrino protagoniza una de las propuestas de mayor rating en los canales de cables. El programa distendido e informal re\u00fane a los m\u00fasicos m\u00e1s destacados del pa\u00eds. En el marco de los 15 a\u00f1os del Canal Encuentro ya est\u00e1 en marcha la programaci\u00f3n que ofrece una variada oferta y lo posicionan [&hellip;]<\/p>\n","protected":false},"author":4,"featured_media":107017,"comment_status":"closed","ping_status":"closed","sticky":false,"template":"","format":"standard","meta":{"om_disable_all_campaigns":false,"_jetpack_memberships_contains_paid_content":false,"footnotes":""},"categories":[50,101,2],"tags":[197,696,33,19],"class_list":["post-107016","post","type-post","status-publish","format-standard","has-post-thumbnail","hentry","category-destacadas","category-interes-general-locales","category-locales","tag-buenos-aires","tag-interes-general","tag-locales","tag-san-pedro"],"aioseo_notices":[],"gutentor_comment":0,"jetpack_featured_media_url":"https:\/\/eldiariodesanpedro.com.ar\/sitio\/wp-content\/uploads\/2022\/05\/0000020893-resized-1920x1080-1.jpg","jetpack_shortlink":"https:\/\/wp.me\/p6RhLt-rQ4","jetpack_sharing_enabled":true,"_links":{"self":[{"href":"https:\/\/eldiariodesanpedro.com.ar\/sitio\/wp-json\/wp\/v2\/posts\/107016","targetHints":{"allow":["GET"]}}],"collection":[{"href":"https:\/\/eldiariodesanpedro.com.ar\/sitio\/wp-json\/wp\/v2\/posts"}],"about":[{"href":"https:\/\/eldiariodesanpedro.com.ar\/sitio\/wp-json\/wp\/v2\/types\/post"}],"author":[{"embeddable":true,"href":"https:\/\/eldiariodesanpedro.com.ar\/sitio\/wp-json\/wp\/v2\/users\/4"}],"replies":[{"embeddable":true,"href":"https:\/\/eldiariodesanpedro.com.ar\/sitio\/wp-json\/wp\/v2\/comments?post=107016"}],"version-history":[{"count":1,"href":"https:\/\/eldiariodesanpedro.com.ar\/sitio\/wp-json\/wp\/v2\/posts\/107016\/revisions"}],"predecessor-version":[{"id":107018,"href":"https:\/\/eldiariodesanpedro.com.ar\/sitio\/wp-json\/wp\/v2\/posts\/107016\/revisions\/107018"}],"wp:featuredmedia":[{"embeddable":true,"href":"https:\/\/eldiariodesanpedro.com.ar\/sitio\/wp-json\/wp\/v2\/media\/107017"}],"wp:attachment":[{"href":"https:\/\/eldiariodesanpedro.com.ar\/sitio\/wp-json\/wp\/v2\/media?parent=107016"}],"wp:term":[{"taxonomy":"category","embeddable":true,"href":"https:\/\/eldiariodesanpedro.com.ar\/sitio\/wp-json\/wp\/v2\/categories?post=107016"},{"taxonomy":"post_tag","embeddable":true,"href":"https:\/\/eldiariodesanpedro.com.ar\/sitio\/wp-json\/wp\/v2\/tags?post=107016"}],"curies":[{"name":"wp","href":"https:\/\/api.w.org\/{rel}","templated":true}]}}