{"id":107013,"date":"2022-05-13T15:51:39","date_gmt":"2022-05-13T18:51:39","guid":{"rendered":"https:\/\/eldiariodesanpedro.com.ar\/sitio\/?p=107013"},"modified":"2022-05-13T15:51:40","modified_gmt":"2022-05-13T18:51:40","slug":"estela-montes-la-voz-de-america","status":"publish","type":"post","link":"https:\/\/eldiariodesanpedro.com.ar\/sitio\/estela-montes-la-voz-de-america\/","title":{"rendered":"Estela Montes, la voz de Am\u00e9rica"},"content":{"rendered":"<!-- VideographyWP Plugin Message: Automatic video embedding prevented by plugin options. -->\n\n<p>La reconocida locutora sampedrina participa en el nuevo programa de Florencia Pe\u00f1a y hasta el viernes \u00faltimo lo hizo en Instalate, que sali\u00f3 del aire ante la llegada de la actriz a la pantalla del canal.<\/p>\n\n\n\n<p>Desde el pasado lunes Am\u00e9rica TV modific\u00f3 su programaci\u00f3n y le dio la bienvenida a LPA, el programa conducido por Florencia Pe\u00f1a denominado \u201cLa Puta Ama\u201d.<\/p>\n\n\n\n<p>La voz que se escucha detr\u00e1s de c\u00e1maras es la de la locutora sampedrina Estela Montes, quien a su enorme trayectoria le agrega ahora la posibilidad de participar en propuestas destinada a otro tipo de p\u00fablico.<\/p>\n\n\n\n<p>Ya lo ven\u00eda haciendo en Instalate, el programa que hasta el viernes pasado cerraba la programaci\u00f3n diaria del canal, y donde Estela Montes ten\u00eda una activa participaci\u00f3n siendo \u201cla abuela\u201d, pero ahora sigue aportando toda su experiencia pero en esta nueva apuesta de la empresa.<\/p>\n\n\n\n<p>\u201cQue te llamen a m\u00ed edad y con todos los a\u00f1os vividos para hacer estos programas con gente tan joven, tan amorosa, es aut\u00e9ntico\u201d, dijo la locutora en el aire de Urbano, el programa de FM G\u00e9nesis.<\/p>\n\n\n\n<p>\u201cEs un grupo hermoso, es algo tan natural, que te abrazan, que se ponen contentos de verte\u2026 ayer me incluyeron en el chat nuevo de La Puta Ama, y fue tan cari\u00f1oso el saludo de mis compa\u00f1eras, vestuaristas, maquilladores, t\u00e9cnicos, todos dici\u00e9ndome que bueno Estelita que vamos a estar juntos otra vez, es tan lindo como eso de decir bueno, nos juntamos y nos miramos a los ojos\u201d, destac\u00f3.<\/p>\n\n\n\n<p>Sobre su participaci\u00f3n en Instalate, el reprograma que concluy\u00f3 el \u00faltimo viernes, Estela Montes resalt\u00f3: \u201cEs divino Cristian el conductor, yo no lo conoc\u00eda, \u00e9l tampoco me conoc\u00eda a m\u00ed, imaginate yo tengo 69 a\u00f1os y \u00e9l tiene 27, podr\u00eda ser un hijo chico m\u00edo\u201d.<\/p>\n\n\n\n<p>\u201cNo nos conoc\u00edamos, y bueno, fui a un casting, porque quer\u00edan que me r\u00eda mucho de los bloopers y justo aparece una actriz pidiendo la direcci\u00f3n de los charutos y entonces me vino esa palabra, pero con la voz de la abuela que yo la hago desde que soy chica, hago una nenita, la abuela y la psic\u00f3loga, pero desde hace mil a\u00f1os\u201d, coment\u00f3.<\/p>\n\n\n\n<p>En cuanto a su San Pedro querido la locutora se\u00f1al\u00f3 que \u201cTodo el tiempo nombr\u00f3 a San Pedro, yo aprovecho y le tir\u00f3 todo mi amor a la ciudad\u201d.<\/p>\n","protected":false},"excerpt":{"rendered":"<p>La reconocida locutora sampedrina participa en el nuevo programa de Florencia Pe\u00f1a y hasta el viernes \u00faltimo lo hizo en Instalate, que sali\u00f3 del aire ante la llegada de la actriz a la pantalla del canal. Desde el pasado lunes Am\u00e9rica TV modific\u00f3 su programaci\u00f3n y le dio la bienvenida a LPA, el programa conducido [&hellip;]<\/p>\n","protected":false},"author":4,"featured_media":107014,"comment_status":"closed","ping_status":"closed","sticky":false,"template":"","format":"standard","meta":{"om_disable_all_campaigns":false,"_jetpack_memberships_contains_paid_content":false,"footnotes":""},"categories":[101,2],"tags":[197,696,33,19],"class_list":["post-107013","post","type-post","status-publish","format-standard","has-post-thumbnail","hentry","category-interes-general-locales","category-locales","tag-buenos-aires","tag-interes-general","tag-locales","tag-san-pedro"],"aioseo_notices":[],"gutentor_comment":0,"jetpack_featured_media_url":"https:\/\/eldiariodesanpedro.com.ar\/sitio\/wp-content\/uploads\/2022\/05\/0000020889-resized-1920x1080-1.jpg","jetpack_shortlink":"https:\/\/wp.me\/p6RhLt-rQ1","jetpack_sharing_enabled":true,"_links":{"self":[{"href":"https:\/\/eldiariodesanpedro.com.ar\/sitio\/wp-json\/wp\/v2\/posts\/107013","targetHints":{"allow":["GET"]}}],"collection":[{"href":"https:\/\/eldiariodesanpedro.com.ar\/sitio\/wp-json\/wp\/v2\/posts"}],"about":[{"href":"https:\/\/eldiariodesanpedro.com.ar\/sitio\/wp-json\/wp\/v2\/types\/post"}],"author":[{"embeddable":true,"href":"https:\/\/eldiariodesanpedro.com.ar\/sitio\/wp-json\/wp\/v2\/users\/4"}],"replies":[{"embeddable":true,"href":"https:\/\/eldiariodesanpedro.com.ar\/sitio\/wp-json\/wp\/v2\/comments?post=107013"}],"version-history":[{"count":1,"href":"https:\/\/eldiariodesanpedro.com.ar\/sitio\/wp-json\/wp\/v2\/posts\/107013\/revisions"}],"predecessor-version":[{"id":107015,"href":"https:\/\/eldiariodesanpedro.com.ar\/sitio\/wp-json\/wp\/v2\/posts\/107013\/revisions\/107015"}],"wp:featuredmedia":[{"embeddable":true,"href":"https:\/\/eldiariodesanpedro.com.ar\/sitio\/wp-json\/wp\/v2\/media\/107014"}],"wp:attachment":[{"href":"https:\/\/eldiariodesanpedro.com.ar\/sitio\/wp-json\/wp\/v2\/media?parent=107013"}],"wp:term":[{"taxonomy":"category","embeddable":true,"href":"https:\/\/eldiariodesanpedro.com.ar\/sitio\/wp-json\/wp\/v2\/categories?post=107013"},{"taxonomy":"post_tag","embeddable":true,"href":"https:\/\/eldiariodesanpedro.com.ar\/sitio\/wp-json\/wp\/v2\/tags?post=107013"}],"curies":[{"name":"wp","href":"https:\/\/api.w.org\/{rel}","templated":true}]}}