{"id":107010,"date":"2022-05-13T15:48:19","date_gmt":"2022-05-13T18:48:19","guid":{"rendered":"https:\/\/eldiariodesanpedro.com.ar\/sitio\/?p=107010"},"modified":"2022-05-13T15:48:20","modified_gmt":"2022-05-13T18:48:20","slug":"causa-camioneros-tras-presiones-y-un-pico-de-estres-la-jueza-maiztegui-pidio-licencia","status":"publish","type":"post","link":"https:\/\/eldiariodesanpedro.com.ar\/sitio\/causa-camioneros-tras-presiones-y-un-pico-de-estres-la-jueza-maiztegui-pidio-licencia\/","title":{"rendered":"Causa Camioneros: Tras presiones y un pico de estr\u00e9s, la Jueza Maiztegui pidi\u00f3 licencia"},"content":{"rendered":"<!-- VideographyWP Plugin Message: Automatic video embedding prevented by plugin options. -->\n\n<p>En las pr\u00f3ximas horas la titular del Juzgado de Garant\u00edas, Mar\u00eda Eugenia Maiztegui, deb\u00eda resolver el pedido de la fiscal Viviani de prisi\u00f3n preventiva para los sindicalistas imputados.<\/p>\n\n\n\n<p>En las pr\u00f3ximas horas la titular del Juzgado de Garant\u00edas, Mar\u00eda Eugenia Maiztegui, deb\u00eda resolver el pedido de la fiscal Viviani de prisi\u00f3n preventiva para los sindicalistas imputados.<\/p>\n\n\n\n<p>Trascendi\u00f3 que la funcionaria padeci\u00f3 un episodio de descompensaci\u00f3n en su \u00e1mbito laboral que la llev\u00f3 a la atenci\u00f3n m\u00e9dica y por prescripci\u00f3n debi\u00f3 solicitar licencia, quedando a cargo de la complicada causa, el Juez Rom\u00e1n Parodi.<\/p>\n\n\n\n<p>Este jueves ser\u00e1n trasladados Maximiliano Cabaleyro y Fernando Esp\u00edndola hacia el Juzgado de Garant\u00edas, y se espera que un nutrido grupo de manifestantes del sindicato de Camioneros permanezcan en las inmediaciones de Col\u00f3n y Garibaldi en vigilia.<\/p>\n\n\n\n<p>Por ello personal policial mont\u00f3 un operativo con vallas y seguridad para garantizar la jornada laboral y el traslado de los detenidos.<\/p>\n\n\n\n<p>Por otra parte, tanto la Jueza Maiztegui como la fiscal Valle Viviani recibieron una carta firmada por Leopoldo Moreau, presidente de la Comisi\u00f3n Bicameral de Inteligencia, a trav\u00e9s de la cual les solicita a ambas informe de la causa de los sindicalistas y legajo fiscal. Manifiesta que hay un sumario que investiga posibles responsabilidades pol\u00edtico institucionales contra ellas.<\/p>\n\n\n\n<p>Claramente las funcionarias lo tomaron como elemento de presi\u00f3n para con su labor y denunciar\u00e1n el accionar ya que entender\u00edan que Moreau no tendr\u00eda facultades para tal solicitud.<\/p>\n\n\n\n<p>La defensa de los sindicalistas fue la que denunci\u00f3 ante la Bicameral a las funcionarias esta semana.<\/p>\n\n\n\n<p>EL INFORMANTE<\/p>\n","protected":false},"excerpt":{"rendered":"<p>En las pr\u00f3ximas horas la titular del Juzgado de Garant\u00edas, Mar\u00eda Eugenia Maiztegui, deb\u00eda resolver el pedido de la fiscal Viviani de prisi\u00f3n preventiva para los sindicalistas imputados. En las pr\u00f3ximas horas la titular del Juzgado de Garant\u00edas, Mar\u00eda Eugenia Maiztegui, deb\u00eda resolver el pedido de la fiscal Viviani de prisi\u00f3n preventiva para los sindicalistas [&hellip;]<\/p>\n","protected":false},"author":4,"featured_media":107011,"comment_status":"closed","ping_status":"closed","sticky":false,"template":"","format":"standard","meta":{"om_disable_all_campaigns":false,"_jetpack_memberships_contains_paid_content":false,"footnotes":""},"categories":[101,2],"tags":[197,696,33,19],"class_list":["post-107010","post","type-post","status-publish","format-standard","has-post-thumbnail","hentry","category-interes-general-locales","category-locales","tag-buenos-aires","tag-interes-general","tag-locales","tag-san-pedro"],"aioseo_notices":[],"gutentor_comment":0,"jetpack_featured_media_url":"https:\/\/eldiariodesanpedro.com.ar\/sitio\/wp-content\/uploads\/2022\/05\/0000020890-resized-1920x1080-1.jpg","jetpack_shortlink":"https:\/\/wp.me\/p6RhLt-rPY","jetpack_sharing_enabled":true,"_links":{"self":[{"href":"https:\/\/eldiariodesanpedro.com.ar\/sitio\/wp-json\/wp\/v2\/posts\/107010","targetHints":{"allow":["GET"]}}],"collection":[{"href":"https:\/\/eldiariodesanpedro.com.ar\/sitio\/wp-json\/wp\/v2\/posts"}],"about":[{"href":"https:\/\/eldiariodesanpedro.com.ar\/sitio\/wp-json\/wp\/v2\/types\/post"}],"author":[{"embeddable":true,"href":"https:\/\/eldiariodesanpedro.com.ar\/sitio\/wp-json\/wp\/v2\/users\/4"}],"replies":[{"embeddable":true,"href":"https:\/\/eldiariodesanpedro.com.ar\/sitio\/wp-json\/wp\/v2\/comments?post=107010"}],"version-history":[{"count":1,"href":"https:\/\/eldiariodesanpedro.com.ar\/sitio\/wp-json\/wp\/v2\/posts\/107010\/revisions"}],"predecessor-version":[{"id":107012,"href":"https:\/\/eldiariodesanpedro.com.ar\/sitio\/wp-json\/wp\/v2\/posts\/107010\/revisions\/107012"}],"wp:featuredmedia":[{"embeddable":true,"href":"https:\/\/eldiariodesanpedro.com.ar\/sitio\/wp-json\/wp\/v2\/media\/107011"}],"wp:attachment":[{"href":"https:\/\/eldiariodesanpedro.com.ar\/sitio\/wp-json\/wp\/v2\/media?parent=107010"}],"wp:term":[{"taxonomy":"category","embeddable":true,"href":"https:\/\/eldiariodesanpedro.com.ar\/sitio\/wp-json\/wp\/v2\/categories?post=107010"},{"taxonomy":"post_tag","embeddable":true,"href":"https:\/\/eldiariodesanpedro.com.ar\/sitio\/wp-json\/wp\/v2\/tags?post=107010"}],"curies":[{"name":"wp","href":"https:\/\/api.w.org\/{rel}","templated":true}]}}