{"id":107004,"date":"2022-05-13T14:32:05","date_gmt":"2022-05-13T17:32:05","guid":{"rendered":"https:\/\/eldiariodesanpedro.com.ar\/sitio\/?p=107004"},"modified":"2022-05-13T14:32:06","modified_gmt":"2022-05-13T17:32:06","slug":"femeba-informo-que-realizo-el-pago-de-las-prestaciones-a-los-medicos-de-ioma","status":"publish","type":"post","link":"https:\/\/eldiariodesanpedro.com.ar\/sitio\/femeba-informo-que-realizo-el-pago-de-las-prestaciones-a-los-medicos-de-ioma\/","title":{"rendered":"FEMEBA informo que realizo el pago de las prestaciones a los m\u00e9dicos de IOMA"},"content":{"rendered":"<!-- VideographyWP Plugin Message: Automatic video embedding prevented by plugin options. -->\n\n<p>En la jornada de hoy la Federaci\u00f3n Medica dela provincia de Buenos Aires emiti\u00f3 un comunicado hacia los m\u00e9dicos informando el pago del mes de abril en tiempo y forma seg\u00fan lo establecido con IOMA.<\/p>\n\n\n\n<p><em>FEMEBA informa a sus M\u00e9dicos, que pag\u00f3 las prestaciones del mes de abril en tiempo y forma, con valores superiores a los establecidos por IOMA. Ante cualquier consulta comun\u00edquese con la Asociaci\u00f3n M\u00e9dica de San Pedro. <\/em><br><em>Es un mensaje de FEMEBA, Federaci\u00f3n M\u00e9dica de la Provincia de Buenos Aires.<\/em><\/p>\n","protected":false},"excerpt":{"rendered":"<p>En la jornada de hoy la Federaci\u00f3n Medica dela provincia de Buenos Aires emiti\u00f3 un comunicado hacia los m\u00e9dicos informando el pago del mes de abril en tiempo y forma seg\u00fan lo establecido con IOMA. FEMEBA informa a sus M\u00e9dicos, que pag\u00f3 las prestaciones del mes de abril en tiempo y forma, con valores superiores [&hellip;]<\/p>\n","protected":false},"author":4,"featured_media":107005,"comment_status":"closed","ping_status":"closed","sticky":false,"template":"","format":"standard","meta":{"om_disable_all_campaigns":false,"_jetpack_memberships_contains_paid_content":false,"footnotes":""},"categories":[50,101,2],"tags":[197,696,33,19],"class_list":["post-107004","post","type-post","status-publish","format-standard","has-post-thumbnail","hentry","category-destacadas","category-interes-general-locales","category-locales","tag-buenos-aires","tag-interes-general","tag-locales","tag-san-pedro"],"aioseo_notices":[],"gutentor_comment":0,"jetpack_featured_media_url":"https:\/\/eldiariodesanpedro.com.ar\/sitio\/wp-content\/uploads\/2022\/05\/femeba.jpg","jetpack_shortlink":"https:\/\/wp.me\/p6RhLt-rPS","jetpack_sharing_enabled":true,"_links":{"self":[{"href":"https:\/\/eldiariodesanpedro.com.ar\/sitio\/wp-json\/wp\/v2\/posts\/107004","targetHints":{"allow":["GET"]}}],"collection":[{"href":"https:\/\/eldiariodesanpedro.com.ar\/sitio\/wp-json\/wp\/v2\/posts"}],"about":[{"href":"https:\/\/eldiariodesanpedro.com.ar\/sitio\/wp-json\/wp\/v2\/types\/post"}],"author":[{"embeddable":true,"href":"https:\/\/eldiariodesanpedro.com.ar\/sitio\/wp-json\/wp\/v2\/users\/4"}],"replies":[{"embeddable":true,"href":"https:\/\/eldiariodesanpedro.com.ar\/sitio\/wp-json\/wp\/v2\/comments?post=107004"}],"version-history":[{"count":1,"href":"https:\/\/eldiariodesanpedro.com.ar\/sitio\/wp-json\/wp\/v2\/posts\/107004\/revisions"}],"predecessor-version":[{"id":107006,"href":"https:\/\/eldiariodesanpedro.com.ar\/sitio\/wp-json\/wp\/v2\/posts\/107004\/revisions\/107006"}],"wp:featuredmedia":[{"embeddable":true,"href":"https:\/\/eldiariodesanpedro.com.ar\/sitio\/wp-json\/wp\/v2\/media\/107005"}],"wp:attachment":[{"href":"https:\/\/eldiariodesanpedro.com.ar\/sitio\/wp-json\/wp\/v2\/media?parent=107004"}],"wp:term":[{"taxonomy":"category","embeddable":true,"href":"https:\/\/eldiariodesanpedro.com.ar\/sitio\/wp-json\/wp\/v2\/categories?post=107004"},{"taxonomy":"post_tag","embeddable":true,"href":"https:\/\/eldiariodesanpedro.com.ar\/sitio\/wp-json\/wp\/v2\/tags?post=107004"}],"curies":[{"name":"wp","href":"https:\/\/api.w.org\/{rel}","templated":true}]}}