{"id":10700,"date":"2016-11-25T18:55:26","date_gmt":"2016-11-25T21:55:26","guid":{"rendered":"https:\/\/eldiariodesanpedro.com.ar\/sitio\/?p=10700"},"modified":"2016-11-25T18:55:26","modified_gmt":"2016-11-25T21:55:26","slug":"barbieri-se-presento-a-indagatoria-ante-la-fiscal-ramos","status":"publish","type":"post","link":"https:\/\/eldiariodesanpedro.com.ar\/sitio\/barbieri-se-presento-a-indagatoria-ante-la-fiscal-ramos\/","title":{"rendered":"Barbieri se present\u00f3 a indagatoria ante la fiscal Ramos"},"content":{"rendered":"<p><!-- VideographyWP Plugin Message: Automatic video embedding prevented by plugin options. --><br \/>\nEl exintendente municipal debi\u00f3 presentarse el martes ante una nueva citaci\u00f3n de la titular de la UFI N\u00ba 11, Dra. Viviana Ramos, en el marco de la causa por irregularidades en la construcci\u00f3n de las casas del barrio San Francisco.<\/p>\n<p>Seg\u00fan se pudo establecer, la actividad dur\u00f3 m\u00e1s de 3 horas y all\u00ed junto a su abogado, el Dr. Benito Aldazabal, volvieron a insistir sobre la prescripci\u00f3n de la causa. Tambi\u00e9n hizo menci\u00f3n a que con esta causa se pretende manchar su prestigio pol\u00edtico. Sin embargo, no aport\u00f3 demasiados datos desde el punto de vista t\u00e9cnico que pudieran contribuir a la investigaci\u00f3n.<\/p>\n<p>En tanto, la Dra. Ramos espera ahora la pericia contable para establecer el perjuicio patrimonial que las irregularidades detectadas causaron a la edificaciones. Junto a otros detalles que restan, permitir\u00e1 que la causa pueda ser elevada a juicio. La fiscal tiene ahora un plazo para terminar de resolver estas cuestiones.<br \/>\nPor otro lado, la jueza V\u00e1zquez deber\u00e1 resolver el pedido de sobreseimiento solicitado por el resto de los que est\u00e1n imputados.<\/p>\n<p>Cabe recordar que Barbieri, junto al exdirector de Viviendas, el arquitecto Flavio Peir\u00f3, y la ingeniera Mar\u00eda Alejandra Giribaldi, due\u00f1a de la empresa que llev\u00f3 adelante la construcci\u00f3n de las casas, est\u00e1n imputados por \u201cAdministraci\u00f3n Fraudulenta, Estafa y Malversaci\u00f3n de Fondos\u201d.<\/p>\n","protected":false},"excerpt":{"rendered":"<p>El exintendente municipal debi\u00f3 presentarse el martes ante una nueva citaci\u00f3n de la titular de la UFI N\u00ba 11, Dra. Viviana Ramos, en el marco de la causa por irregularidades en la construcci\u00f3n de las casas del barrio San Francisco. Seg\u00fan se pudo establecer, la actividad dur\u00f3 m\u00e1s de 3 horas y all\u00ed junto a [&hellip;]<\/p>\n","protected":false},"author":4,"featured_media":10701,"comment_status":"open","ping_status":"closed","sticky":false,"template":"","format":"standard","meta":{"om_disable_all_campaigns":false,"_jetpack_memberships_contains_paid_content":false,"footnotes":""},"categories":[50,2,102],"tags":[],"class_list":["post-10700","post","type-post","status-publish","format-standard","has-post-thumbnail","hentry","category-destacadas","category-locales","category-politica-locales"],"aioseo_notices":[],"gutentor_comment":0,"jetpack_featured_media_url":"https:\/\/eldiariodesanpedro.com.ar\/sitio\/wp-content\/uploads\/2016\/11\/Barbieri-.jpg","jetpack_shortlink":"https:\/\/wp.me\/p6RhLt-2MA","jetpack_sharing_enabled":true,"_links":{"self":[{"href":"https:\/\/eldiariodesanpedro.com.ar\/sitio\/wp-json\/wp\/v2\/posts\/10700","targetHints":{"allow":["GET"]}}],"collection":[{"href":"https:\/\/eldiariodesanpedro.com.ar\/sitio\/wp-json\/wp\/v2\/posts"}],"about":[{"href":"https:\/\/eldiariodesanpedro.com.ar\/sitio\/wp-json\/wp\/v2\/types\/post"}],"author":[{"embeddable":true,"href":"https:\/\/eldiariodesanpedro.com.ar\/sitio\/wp-json\/wp\/v2\/users\/4"}],"replies":[{"embeddable":true,"href":"https:\/\/eldiariodesanpedro.com.ar\/sitio\/wp-json\/wp\/v2\/comments?post=10700"}],"version-history":[{"count":1,"href":"https:\/\/eldiariodesanpedro.com.ar\/sitio\/wp-json\/wp\/v2\/posts\/10700\/revisions"}],"predecessor-version":[{"id":10702,"href":"https:\/\/eldiariodesanpedro.com.ar\/sitio\/wp-json\/wp\/v2\/posts\/10700\/revisions\/10702"}],"wp:featuredmedia":[{"embeddable":true,"href":"https:\/\/eldiariodesanpedro.com.ar\/sitio\/wp-json\/wp\/v2\/media\/10701"}],"wp:attachment":[{"href":"https:\/\/eldiariodesanpedro.com.ar\/sitio\/wp-json\/wp\/v2\/media?parent=10700"}],"wp:term":[{"taxonomy":"category","embeddable":true,"href":"https:\/\/eldiariodesanpedro.com.ar\/sitio\/wp-json\/wp\/v2\/categories?post=10700"},{"taxonomy":"post_tag","embeddable":true,"href":"https:\/\/eldiariodesanpedro.com.ar\/sitio\/wp-json\/wp\/v2\/tags?post=10700"}],"curies":[{"name":"wp","href":"https:\/\/api.w.org\/{rel}","templated":true}]}}