{"id":106992,"date":"2022-05-13T10:22:17","date_gmt":"2022-05-13T13:22:17","guid":{"rendered":"https:\/\/eldiariodesanpedro.com.ar\/sitio\/?p=106992"},"modified":"2022-05-13T10:22:18","modified_gmt":"2022-05-13T13:22:18","slug":"bomberos-intervino-en-un-incendio-de-un-automovil-esta-madrugada%ef%bf%bc","status":"publish","type":"post","link":"https:\/\/eldiariodesanpedro.com.ar\/sitio\/bomberos-intervino-en-un-incendio-de-un-automovil-esta-madrugada%ef%bf%bc\/","title":{"rendered":"Bomberos intervino en un incendio de un autom\u00f3vil esta madrugada\ufffc"},"content":{"rendered":"<!-- VideographyWP Plugin Message: Automatic video embedding prevented by plugin options. -->\n\n<p>En la jornada de hoy en horas de la madrugada bomberos voluntarios intervino en el incendio de un autom\u00f3vil.<\/p>\n\n\n\n<p>El hecho ocurri\u00f3 pasadas las 05 hs de este viernes en calle Liniers al 1700 donde por razones que se tratan de establecer un autom\u00f3vil Renault 11 qued\u00f3 completamente incendiado.<\/p>\n\n\n\n<p>En el lugar se hizo presente una dotaci\u00f3n de bomberos voluntarios para apagar el fuego, las p\u00e9rdidas fueron totales y no hubo heridos.<\/p>\n\n\n\n<figure class=\"wp-block-image size-full\"><img decoding=\"async\" width=\"284\" height=\"630\" data-attachment-id=\"106995\" data-permalink=\"https:\/\/eldiariodesanpedro.com.ar\/sitio\/bomberos-intervino-en-un-incendio-de-un-automovil-esta-madrugada%ef%bf%bc\/whatsapp-image-2022-05-13-at-10-02-33-am-2\/\" data-orig-file=\"https:\/\/eldiariodesanpedro.com.ar\/sitio\/wp-content\/uploads\/2022\/05\/WhatsApp-Image-2022-05-13-at-10.02.33-AM-1.jpeg\" data-orig-size=\"284,630\" data-comments-opened=\"0\" data-image-meta=\"{&quot;aperture&quot;:&quot;0&quot;,&quot;credit&quot;:&quot;&quot;,&quot;camera&quot;:&quot;&quot;,&quot;caption&quot;:&quot;&quot;,&quot;created_timestamp&quot;:&quot;0&quot;,&quot;copyright&quot;:&quot;&quot;,&quot;focal_length&quot;:&quot;0&quot;,&quot;iso&quot;:&quot;0&quot;,&quot;shutter_speed&quot;:&quot;0&quot;,&quot;title&quot;:&quot;&quot;,&quot;orientation&quot;:&quot;0&quot;}\" data-image-title=\"WhatsApp Image 2022-05-13 at 10.02.33 AM\" data-image-description=\"\" data-image-caption=\"\" data-large-file=\"https:\/\/eldiariodesanpedro.com.ar\/sitio\/wp-content\/uploads\/2022\/05\/WhatsApp-Image-2022-05-13-at-10.02.33-AM-1.jpeg\" data-src=\"https:\/\/eldiariodesanpedro.com.ar\/sitio\/wp-content\/uploads\/2022\/05\/WhatsApp-Image-2022-05-13-at-10.02.33-AM-1.jpeg\" alt=\"\" class=\"wp-image-106995 lazyload\" data-srcset=\"https:\/\/eldiariodesanpedro.com.ar\/sitio\/wp-content\/uploads\/2022\/05\/WhatsApp-Image-2022-05-13-at-10.02.33-AM-1.jpeg 284w, https:\/\/eldiariodesanpedro.com.ar\/sitio\/wp-content\/uploads\/2022\/05\/WhatsApp-Image-2022-05-13-at-10.02.33-AM-1-135x300.jpeg 135w\" data-sizes=\"(max-width: 284px) 100vw, 284px\" src=\"data:image\/svg+xml;base64,PHN2ZyB3aWR0aD0iMSIgaGVpZ2h0PSIxIiB4bWxucz0iaHR0cDovL3d3dy53My5vcmcvMjAwMC9zdmciPjwvc3ZnPg==\" style=\"--smush-placeholder-width: 284px; --smush-placeholder-aspect-ratio: 284\/630;\" \/><\/figure>\n\n\n\n<figure class=\"wp-block-image size-full\"><img decoding=\"async\" width=\"284\" height=\"630\" data-attachment-id=\"106996\" data-permalink=\"https:\/\/eldiariodesanpedro.com.ar\/sitio\/bomberos-intervino-en-un-incendio-de-un-automovil-esta-madrugada%ef%bf%bc\/whatsapp-image-2022-05-13-at-10-02-32-am-1\/\" data-orig-file=\"https:\/\/eldiariodesanpedro.com.ar\/sitio\/wp-content\/uploads\/2022\/05\/WhatsApp-Image-2022-05-13-at-10.02.32-AM-1.jpeg\" data-orig-size=\"284,630\" data-comments-opened=\"0\" data-image-meta=\"{&quot;aperture&quot;:&quot;0&quot;,&quot;credit&quot;:&quot;&quot;,&quot;camera&quot;:&quot;&quot;,&quot;caption&quot;:&quot;&quot;,&quot;created_timestamp&quot;:&quot;0&quot;,&quot;copyright&quot;:&quot;&quot;,&quot;focal_length&quot;:&quot;0&quot;,&quot;iso&quot;:&quot;0&quot;,&quot;shutter_speed&quot;:&quot;0&quot;,&quot;title&quot;:&quot;&quot;,&quot;orientation&quot;:&quot;0&quot;}\" data-image-title=\"WhatsApp Image 2022-05-13 at 10.02.32 AM (1)\" data-image-description=\"\" data-image-caption=\"\" data-large-file=\"https:\/\/eldiariodesanpedro.com.ar\/sitio\/wp-content\/uploads\/2022\/05\/WhatsApp-Image-2022-05-13-at-10.02.32-AM-1.jpeg\" data-src=\"https:\/\/eldiariodesanpedro.com.ar\/sitio\/wp-content\/uploads\/2022\/05\/WhatsApp-Image-2022-05-13-at-10.02.32-AM-1.jpeg\" alt=\"\" class=\"wp-image-106996 lazyload\" data-srcset=\"https:\/\/eldiariodesanpedro.com.ar\/sitio\/wp-content\/uploads\/2022\/05\/WhatsApp-Image-2022-05-13-at-10.02.32-AM-1.jpeg 284w, https:\/\/eldiariodesanpedro.com.ar\/sitio\/wp-content\/uploads\/2022\/05\/WhatsApp-Image-2022-05-13-at-10.02.32-AM-1-135x300.jpeg 135w\" data-sizes=\"(max-width: 284px) 100vw, 284px\" src=\"data:image\/svg+xml;base64,PHN2ZyB3aWR0aD0iMSIgaGVpZ2h0PSIxIiB4bWxucz0iaHR0cDovL3d3dy53My5vcmcvMjAwMC9zdmciPjwvc3ZnPg==\" style=\"--smush-placeholder-width: 284px; --smush-placeholder-aspect-ratio: 284\/630;\" \/><\/figure>\n\n\n","protected":false},"excerpt":{"rendered":"<p>En la jornada de hoy en horas de la madrugada bomberos voluntarios intervino en el incendio de un autom\u00f3vil. El hecho ocurri\u00f3 pasadas las 05 hs de este viernes en calle Liniers al 1700 donde por razones que se tratan de establecer un autom\u00f3vil Renault 11 qued\u00f3 completamente incendiado. En el lugar se hizo presente [&hellip;]<\/p>\n","protected":false},"author":4,"featured_media":106993,"comment_status":"closed","ping_status":"closed","sticky":false,"template":"","format":"standard","meta":{"om_disable_all_campaigns":false,"_jetpack_memberships_contains_paid_content":false,"footnotes":""},"categories":[50,2,103],"tags":[197,33,95,19],"class_list":["post-106992","post","type-post","status-publish","format-standard","has-post-thumbnail","hentry","category-destacadas","category-locales","category-policiales-locales","tag-buenos-aires","tag-locales","tag-policiales","tag-san-pedro"],"aioseo_notices":[],"gutentor_comment":0,"jetpack_featured_media_url":"https:\/\/eldiariodesanpedro.com.ar\/sitio\/wp-content\/uploads\/2022\/05\/medida-8.jpg","jetpack_shortlink":"https:\/\/wp.me\/p6RhLt-rPG","jetpack_sharing_enabled":true,"_links":{"self":[{"href":"https:\/\/eldiariodesanpedro.com.ar\/sitio\/wp-json\/wp\/v2\/posts\/106992","targetHints":{"allow":["GET"]}}],"collection":[{"href":"https:\/\/eldiariodesanpedro.com.ar\/sitio\/wp-json\/wp\/v2\/posts"}],"about":[{"href":"https:\/\/eldiariodesanpedro.com.ar\/sitio\/wp-json\/wp\/v2\/types\/post"}],"author":[{"embeddable":true,"href":"https:\/\/eldiariodesanpedro.com.ar\/sitio\/wp-json\/wp\/v2\/users\/4"}],"replies":[{"embeddable":true,"href":"https:\/\/eldiariodesanpedro.com.ar\/sitio\/wp-json\/wp\/v2\/comments?post=106992"}],"version-history":[{"count":1,"href":"https:\/\/eldiariodesanpedro.com.ar\/sitio\/wp-json\/wp\/v2\/posts\/106992\/revisions"}],"predecessor-version":[{"id":106997,"href":"https:\/\/eldiariodesanpedro.com.ar\/sitio\/wp-json\/wp\/v2\/posts\/106992\/revisions\/106997"}],"wp:featuredmedia":[{"embeddable":true,"href":"https:\/\/eldiariodesanpedro.com.ar\/sitio\/wp-json\/wp\/v2\/media\/106993"}],"wp:attachment":[{"href":"https:\/\/eldiariodesanpedro.com.ar\/sitio\/wp-json\/wp\/v2\/media?parent=106992"}],"wp:term":[{"taxonomy":"category","embeddable":true,"href":"https:\/\/eldiariodesanpedro.com.ar\/sitio\/wp-json\/wp\/v2\/categories?post=106992"},{"taxonomy":"post_tag","embeddable":true,"href":"https:\/\/eldiariodesanpedro.com.ar\/sitio\/wp-json\/wp\/v2\/tags?post=106992"}],"curies":[{"name":"wp","href":"https:\/\/api.w.org\/{rel}","templated":true}]}}