{"id":106989,"date":"2022-05-13T10:07:51","date_gmt":"2022-05-13T13:07:51","guid":{"rendered":"https:\/\/eldiariodesanpedro.com.ar\/sitio\/?p=106989"},"modified":"2022-05-13T10:07:51","modified_gmt":"2022-05-13T13:07:51","slug":"descubren-en-san-pedro-mas-de-100-piezas-fosilizadas-correspondientes-a-ocho-generos-de-animales-prehistoricos","status":"publish","type":"post","link":"https:\/\/eldiariodesanpedro.com.ar\/sitio\/descubren-en-san-pedro-mas-de-100-piezas-fosilizadas-correspondientes-a-ocho-generos-de-animales-prehistoricos\/","title":{"rendered":"Descubren en San Pedro m\u00e1s de 100 piezas fosilizadas correspondientes a ocho g\u00e9neros de animales preh\u00edst\u00f3ricos"},"content":{"rendered":"<!-- VideographyWP Plugin Message: Automatic video embedding prevented by plugin options. -->\n\n<p>Un hermoso tesoro paleontol\u00f3gico acaba de ser descubierto en la localidad de San Pedro, a unos 170 kil\u00f3metros de Buenos Aires. Los m\u00e1s de <strong>100 restos f\u00f3siles<\/strong>, recuperados por el equipo del <strong><em>Museo Paleontol\u00f3gico \u201cFray Manuel de Torres\u201d<\/em><\/strong>, corresponden a <strong>ocho g\u00e9neros de mam\u00edferos f\u00f3siles <\/strong>que habitaron la regi\u00f3n hasta hace unos 10.000 a\u00f1os atr\u00e1s.<\/p>\n\n\n\n<p>&nbsp; Las piezas fueron halladas a orillas de un r\u00edo, luego de trabajos de remoci\u00f3n de sedimentos realizados por una empresa privada. Por el r\u00e1pido accionar del equipo integrado por <strong>Jos\u00e9 L. Aguilar, Julio Simonini y Walter Parra, junto a Miguel y Gast\u00f3n C\u00e1ceres<\/strong> (quienes fueron los primeros en observar los f\u00f3siles), se lograron recuperar los materiales antes de que fueran arrastrados por el agua al lecho del r\u00edo y se perdieran para siempre.<\/p>\n\n\n\n<p><img decoding=\"async\" width=\"411\" height=\"468\" src=\"\" alt=\"F\u00d3SILES HALLADOS.jpg\"><strong><u>UNA \u201cASOCIACI\u00d3N DE FAUNA\u201d<\/u><\/strong><\/p>\n\n\n\n<p>&nbsp; En paleontolog\u00eda, este tipo de hallazgos se denomina \u201c<strong><em>asociaci\u00f3n faun\u00edstica<\/em><\/strong>\u201d, ya que es el descubrimiento de restos de diferentes especies o g\u00e9neros que convivieron en un determinado lugar, en un per\u00edodo de tiempo acotado.<\/p>\n\n\n\n<p>En este caso, se lograron clasificar partes \u00f3seas de <strong>ciervos<\/strong> prehist\u00f3ricos, <strong>megaterios<\/strong>, <strong>gliptodontes<\/strong> (g\u00e9neros Glyptodon y Doedicurus), <strong>macrauchenias<\/strong> (un llamativo animal con una peque\u00f1a trompa o prob\u00f3scide como la de los tapires), <strong>toxodontes<\/strong> (similar a un hipop\u00f3tamo actual), <strong>caballos<\/strong> f\u00f3siles y <strong>mastodontes<\/strong> (parientes prehist\u00f3ricos de los elefantes actuales).<\/p>\n\n\n\n<p>&nbsp; \u201c<em>Cuando vimos que se trataba de un conjunto tan impactante de piezas, no lo pod\u00edamos creer\u2026<\/em>\u201d, comenta Jos\u00e9 Luis Aguilar, fundador y director del Museo Paleontol\u00f3gico de San Pedro. Y agrega, \u201c<em>siempre estamos a la expectativa de este tipo de hallazgos ya que, luego de los estudios pertinentes, terminan aportando excelente informaci\u00f3n vinculada al medio en el que habitaron los organismos a los que pertenecieron los restos. En este caso, fue doblemente satisfactorio ya que, no s\u00f3lo vimos que se trataba de una <strong>gran diversidad de animales<\/strong> en un mismo lugar, sino que sus restos presentaban un excelente estado de preservaci\u00f3n. Algo que facilita las investigaciones que posteriormente se realizan sobre los f\u00f3siles\u201d.<\/em><\/p>\n\n\n\n<p>&nbsp; Entre los restos descubiertos sobresalen, por su tama\u00f1o, dos mand\u00edbulas de mastodontes adultos, con molares incluidos y parte de una defensa o colmillo muy bien conservado. Adem\u00e1s, en este hermoso testimonio de la prehistoria de la regi\u00f3n, hay numerosas pelvis incompletas de macrauchenias en diferentes etapas de desarrollo y varios f\u00f3siles de toxodontes, junto a varias decenas de piezas de ciervos f\u00f3siles de una especie a\u00fan no determinada. De los dos g\u00e9neros de gliptodontes hay una rama mandibular impecable y parte de un tubo caudal o cola. Partes de extremidades y molares de caballos prehist\u00f3ricos, complementan el c\u00famulo de f\u00f3siles recuperados.<\/p>\n\n\n\n<p>&nbsp; El <strong>Dr. Luciano Brambilla<\/strong>, investigador del <strong>Centro de Estudios Interdisciplinarios de la Universidad Nacional de Rosario<\/strong> se encuentra analizando la gran diversidad de restos hallados, junto al equipo de San Pedro.<\/p>\n\n\n\n<p>&nbsp; El bi\u00f3logo explica que \u201c<em>el conjunto de f\u00f3siles reunidos muestra parte de la fauna extinta sudamericana del final del Pleistoceno, en la que se destacaban los animales de tallas gigantes y medianas. Entre ellos, los perezosos al igual que los gliptodontes representados en el conjunto recuperado se originaron a partir de un antepasado en com\u00fan que vivi\u00f3 hace mas de 60 millones de a\u00f1os y evolucionaron hasta alcanzar las formas aqu\u00ed encontradas en San Pedro. Por otra parte, toxodontes y macrauchenias no poseen actualmente ning\u00fan tipo de representante viviente que permita r\u00e1pidamente asociarlos a animales conocidos. Sin embargo, a partir de f\u00f3siles como \u00e9stos se postula que Macrauchenia fue un corredor de talla alta posiblemente asociado a climas \u00e1ridos y que Toxodon era un animal pesado relacionado a ambientes acu\u00e1ticos que ocupar\u00eda un rol en el ecosistema tal como lo hacen actualmente los hipop\u00f3tamos en \u00c1frica. A\u00fan queda mucho por decir sobre la evoluci\u00f3n e interacciones de estos animales del pasado de Sudam\u00e9rica por lo que los hallazgos de estos conjuntos f\u00f3siles permiten avanzar en este sentido reconociendo los componentes de aquella fauna perdida\u201d<\/em>.<\/p>\n","protected":false},"excerpt":{"rendered":"<p>Un hermoso tesoro paleontol\u00f3gico acaba de ser descubierto en la localidad de San Pedro, a unos 170 kil\u00f3metros de Buenos Aires. Los m\u00e1s de 100 restos f\u00f3siles, recuperados por el equipo del Museo Paleontol\u00f3gico \u201cFray Manuel de Torres\u201d, corresponden a ocho g\u00e9neros de mam\u00edferos f\u00f3siles que habitaron la regi\u00f3n hasta hace unos 10.000 a\u00f1os atr\u00e1s. [&hellip;]<\/p>\n","protected":false},"author":4,"featured_media":106990,"comment_status":"closed","ping_status":"closed","sticky":false,"template":"","format":"standard","meta":{"om_disable_all_campaigns":false,"_jetpack_memberships_contains_paid_content":false,"footnotes":""},"categories":[50,101,2],"tags":[],"class_list":["post-106989","post","type-post","status-publish","format-standard","has-post-thumbnail","hentry","category-destacadas","category-interes-general-locales","category-locales"],"aioseo_notices":[],"gutentor_comment":0,"jetpack_featured_media_url":"https:\/\/eldiariodesanpedro.com.ar\/sitio\/wp-content\/uploads\/2022\/05\/FOSILES-HALLADOS.jpg","jetpack_shortlink":"https:\/\/wp.me\/p6RhLt-rPD","jetpack_sharing_enabled":true,"_links":{"self":[{"href":"https:\/\/eldiariodesanpedro.com.ar\/sitio\/wp-json\/wp\/v2\/posts\/106989","targetHints":{"allow":["GET"]}}],"collection":[{"href":"https:\/\/eldiariodesanpedro.com.ar\/sitio\/wp-json\/wp\/v2\/posts"}],"about":[{"href":"https:\/\/eldiariodesanpedro.com.ar\/sitio\/wp-json\/wp\/v2\/types\/post"}],"author":[{"embeddable":true,"href":"https:\/\/eldiariodesanpedro.com.ar\/sitio\/wp-json\/wp\/v2\/users\/4"}],"replies":[{"embeddable":true,"href":"https:\/\/eldiariodesanpedro.com.ar\/sitio\/wp-json\/wp\/v2\/comments?post=106989"}],"version-history":[{"count":1,"href":"https:\/\/eldiariodesanpedro.com.ar\/sitio\/wp-json\/wp\/v2\/posts\/106989\/revisions"}],"predecessor-version":[{"id":106991,"href":"https:\/\/eldiariodesanpedro.com.ar\/sitio\/wp-json\/wp\/v2\/posts\/106989\/revisions\/106991"}],"wp:featuredmedia":[{"embeddable":true,"href":"https:\/\/eldiariodesanpedro.com.ar\/sitio\/wp-json\/wp\/v2\/media\/106990"}],"wp:attachment":[{"href":"https:\/\/eldiariodesanpedro.com.ar\/sitio\/wp-json\/wp\/v2\/media?parent=106989"}],"wp:term":[{"taxonomy":"category","embeddable":true,"href":"https:\/\/eldiariodesanpedro.com.ar\/sitio\/wp-json\/wp\/v2\/categories?post=106989"},{"taxonomy":"post_tag","embeddable":true,"href":"https:\/\/eldiariodesanpedro.com.ar\/sitio\/wp-json\/wp\/v2\/tags?post=106989"}],"curies":[{"name":"wp","href":"https:\/\/api.w.org\/{rel}","templated":true}]}}