{"id":106986,"date":"2022-05-13T09:47:27","date_gmt":"2022-05-13T12:47:27","guid":{"rendered":"https:\/\/eldiariodesanpedro.com.ar\/sitio\/?p=106986"},"modified":"2022-05-13T09:47:27","modified_gmt":"2022-05-13T12:47:27","slug":"la-camara-de-martilleros-presento-un-proyecto-de-ordenanza-para-prohibir-las-franquicias-inmobiliarias","status":"publish","type":"post","link":"https:\/\/eldiariodesanpedro.com.ar\/sitio\/la-camara-de-martilleros-presento-un-proyecto-de-ordenanza-para-prohibir-las-franquicias-inmobiliarias\/","title":{"rendered":"La C\u00e1mara de Martilleros present\u00f3 un proyecto de ordenanza para prohibir las franquicias inmobiliarias"},"content":{"rendered":"<!-- VideographyWP Plugin Message: Automatic video embedding prevented by plugin options. -->\n\n<p>El Colegio de Martilleros y Corredores P\u00fablicos de San Nicol\u00e1s, a trav\u00e9s de la C\u00e1mara de Martilleros y Corredores P\u00fablicos de San Pedro,\u00a0present\u00f3 formalmente ante el HCD\u00a0un proyecto de ordenanza para controlar la \u00a0instalaci\u00f3n de franquicias en la comercializaci\u00f3n de bienes y servicios que no dan cumplimiento a la legislaci\u00f3n vigente del sector inmobiliario.<\/p>\n\n\n\n<p>Luego de la \u00faltima reuni\u00f3n del organismo que nuclea a los representantes del sector de la regi\u00f3n y que es presidida por el sampedrino<strong>&nbsp;Jos\u00e9 Cremona<\/strong>, se ingres\u00f3 simult\u00e1neamente en cada Concejo Deliberante de las localidades bajo jurisdicci\u00f3n del Colegio, esta iniciativa muy importante, tanto para el resguardo de los intereses de los ciudadanos como para la protecci\u00f3n de la actividad profesional.<\/p>\n\n\n\n<p>Junto a la presentaci\u00f3n realizada en San Pedro, los miembros de la C\u00e1mara mantuvieron reuniones con los concejales de los diferentes bloques que componen el Concejo para brindar mayor informaci\u00f3n sobre las razones por las que se ha elaborado este proyecto.<\/p>\n\n\n\n<p>Con una excelente predisposici\u00f3n, los concejales recibieron a integrantes de la C\u00e1mara para contar con mayores elementos a la hora analizar el proyecto en las comisiones a las que sea derivado, tras la pr\u00f3xima sesi\u00f3n.<\/p>\n\n\n\n<p>Dentro de los puntos salientes que se incluyen en las consideraciones se remarcan las facultades otorgadas por la Constituci\u00f3n de la Provincia a los Colegios y las exigencias habilitantes para ejercer la actividad y profesi\u00f3n de Martillero y Corredor Publico.<\/p>\n\n\n\n<p>Se advierte que en los \u00faltimos tiempos, \u00abcomenzaron aparecer franquicias inmobiliarias que proponen al p\u00fablico en general, servicios inmobiliarios sin cumplir estos requisitos ejerciendo la profesi\u00f3n en modo ilegal\u00bb.<\/p>\n\n\n\n<p>El Colegio de San Nicol\u00e1s, en este caso a trav\u00e9s de la C\u00e1mara de de San Pedro solicita la sanci\u00f3n de una ordenanza que proh\u00edba expresamente este tipo de actividad y que se respete la legislaci\u00f3n que regula la profesi\u00f3n.<\/p>\n\n\n\n<p><strong>Ver el proyecto ingresado aqu\u00ed:&nbsp;<a href=\"https:\/\/bit.ly\/3yzc3fK\" target=\"_blank\" rel=\"noreferrer noopener\">https:\/\/bit.ly\/3yzc3fK<\/a><\/strong><\/p>\n","protected":false},"excerpt":{"rendered":"<p>El Colegio de Martilleros y Corredores P\u00fablicos de San Nicol\u00e1s, a trav\u00e9s de la C\u00e1mara de Martilleros y Corredores P\u00fablicos de San Pedro,\u00a0present\u00f3 formalmente ante el HCD\u00a0un proyecto de ordenanza para controlar la \u00a0instalaci\u00f3n de franquicias en la comercializaci\u00f3n de bienes y servicios que no dan cumplimiento a la legislaci\u00f3n vigente del sector inmobiliario. Luego [&hellip;]<\/p>\n","protected":false},"author":4,"featured_media":106987,"comment_status":"closed","ping_status":"closed","sticky":false,"template":"","format":"standard","meta":{"om_disable_all_campaigns":false,"_jetpack_memberships_contains_paid_content":false,"footnotes":""},"categories":[101,2],"tags":[197,696,33,19],"class_list":["post-106986","post","type-post","status-publish","format-standard","has-post-thumbnail","hentry","category-interes-general-locales","category-locales","tag-buenos-aires","tag-interes-general","tag-locales","tag-san-pedro"],"aioseo_notices":[],"gutentor_comment":0,"jetpack_featured_media_url":"https:\/\/eldiariodesanpedro.com.ar\/sitio\/wp-content\/uploads\/2022\/05\/FRANQUICIAS.jpg","jetpack_shortlink":"https:\/\/wp.me\/p6RhLt-rPA","jetpack_sharing_enabled":true,"_links":{"self":[{"href":"https:\/\/eldiariodesanpedro.com.ar\/sitio\/wp-json\/wp\/v2\/posts\/106986","targetHints":{"allow":["GET"]}}],"collection":[{"href":"https:\/\/eldiariodesanpedro.com.ar\/sitio\/wp-json\/wp\/v2\/posts"}],"about":[{"href":"https:\/\/eldiariodesanpedro.com.ar\/sitio\/wp-json\/wp\/v2\/types\/post"}],"author":[{"embeddable":true,"href":"https:\/\/eldiariodesanpedro.com.ar\/sitio\/wp-json\/wp\/v2\/users\/4"}],"replies":[{"embeddable":true,"href":"https:\/\/eldiariodesanpedro.com.ar\/sitio\/wp-json\/wp\/v2\/comments?post=106986"}],"version-history":[{"count":1,"href":"https:\/\/eldiariodesanpedro.com.ar\/sitio\/wp-json\/wp\/v2\/posts\/106986\/revisions"}],"predecessor-version":[{"id":106988,"href":"https:\/\/eldiariodesanpedro.com.ar\/sitio\/wp-json\/wp\/v2\/posts\/106986\/revisions\/106988"}],"wp:featuredmedia":[{"embeddable":true,"href":"https:\/\/eldiariodesanpedro.com.ar\/sitio\/wp-json\/wp\/v2\/media\/106987"}],"wp:attachment":[{"href":"https:\/\/eldiariodesanpedro.com.ar\/sitio\/wp-json\/wp\/v2\/media?parent=106986"}],"wp:term":[{"taxonomy":"category","embeddable":true,"href":"https:\/\/eldiariodesanpedro.com.ar\/sitio\/wp-json\/wp\/v2\/categories?post=106986"},{"taxonomy":"post_tag","embeddable":true,"href":"https:\/\/eldiariodesanpedro.com.ar\/sitio\/wp-json\/wp\/v2\/tags?post=106986"}],"curies":[{"name":"wp","href":"https:\/\/api.w.org\/{rel}","templated":true}]}}