{"id":106983,"date":"2022-05-13T09:43:21","date_gmt":"2022-05-13T12:43:21","guid":{"rendered":"https:\/\/eldiariodesanpedro.com.ar\/sitio\/?p=106983"},"modified":"2022-05-13T09:43:22","modified_gmt":"2022-05-13T12:43:22","slug":"la-implementacion-de-la-hsi-historia-de-salud-integrada-comenzara-en-centros-de-salud-y-el-hospital-de-gobernador-castro","status":"publish","type":"post","link":"https:\/\/eldiariodesanpedro.com.ar\/sitio\/la-implementacion-de-la-hsi-historia-de-salud-integrada-comenzara-en-centros-de-salud-y-el-hospital-de-gobernador-castro\/","title":{"rendered":"La implementaci\u00f3n de la HSI \u00abHistoria de Salud Integrada\u00bb comenzar\u00e1 en centros de salud y el Hospital de Gobernador Castro"},"content":{"rendered":"<!-- VideographyWP Plugin Message: Automatic video embedding prevented by plugin options. -->\n\n<p>La Secretar\u00eda de Salud de la Municipalidad de San Pedro convoc\u00f3 hoy a una nueva capacitaci\u00f3n para comenzar a implementar el programa de Historia de Salud Integrada, impulsado por el Ministerio de Salud de la Naci\u00f3n.<\/p>\n\n\n\n<p>En el CIC, representantes de la cartera sanitaria nacional y los referentes espec\u00edficos que vienen ofreciendo estas capacitaciones en los distritos en los que se comenzar\u00e1 a aplicar, se reunieron con representantes de los Hospitales y Centros de Salud de San Pedro.<\/p>\n\n\n\n<p>La Historia de Salud Integrada (HSI) se convertir\u00e1 en una herramienta que unificar\u00e1 la informaci\u00f3n referida a los procesos administrativos y cl\u00ednicos de una persona de manera centralizada y en formato digital.<\/p>\n\n\n\n<p>La aplicaci\u00f3n en San Pedro y en el resto de los municipios que en breve comenzar\u00e1n a implementarla ser\u00e1 progresiva hasta lograr que desde la Red Nacional de Salud Digital se puedan gestionar las necesidades sanitarias del\/a paciente tales como la receta electr\u00f3nica, siempre bajo su supervisi\u00f3n y autorizaci\u00f3n, seg\u00fan lo establecido en el marco de la protecci\u00f3n de derechos del paciente y de datos personales (Leyes N\u00b0 26.529 y N\u00b0 25.326, sus complementarias y modificatorias).<\/p>\n\n\n\n<p>En San Pedro se resolvi\u00f3 comenzar la carga y el empadronamiento en los Centros de Salud del CIC, Canaletas y Los Aromos y en el Hospital de Gobernador Castro, para luego ir activ\u00e1ndolo en el resto de los espacios y en el Hospital.<\/p>\n","protected":false},"excerpt":{"rendered":"<p>La Secretar\u00eda de Salud de la Municipalidad de San Pedro convoc\u00f3 hoy a una nueva capacitaci\u00f3n para comenzar a implementar el programa de Historia de Salud Integrada, impulsado por el Ministerio de Salud de la Naci\u00f3n. En el CIC, representantes de la cartera sanitaria nacional y los referentes espec\u00edficos que vienen ofreciendo estas capacitaciones en [&hellip;]<\/p>\n","protected":false},"author":4,"featured_media":106984,"comment_status":"closed","ping_status":"closed","sticky":false,"template":"","format":"standard","meta":{"om_disable_all_campaigns":false,"_jetpack_memberships_contains_paid_content":false,"footnotes":""},"categories":[50,101,2],"tags":[197,696,33,19],"class_list":["post-106983","post","type-post","status-publish","format-standard","has-post-thumbnail","hentry","category-destacadas","category-interes-general-locales","category-locales","tag-buenos-aires","tag-interes-general","tag-locales","tag-san-pedro"],"aioseo_notices":[],"gutentor_comment":0,"jetpack_featured_media_url":"https:\/\/eldiariodesanpedro.com.ar\/sitio\/wp-content\/uploads\/2022\/05\/WhatsApp-Image-2022-05-12-at-4.38.39-PM.jpeg","jetpack_shortlink":"https:\/\/wp.me\/p6RhLt-rPx","jetpack_sharing_enabled":true,"_links":{"self":[{"href":"https:\/\/eldiariodesanpedro.com.ar\/sitio\/wp-json\/wp\/v2\/posts\/106983","targetHints":{"allow":["GET"]}}],"collection":[{"href":"https:\/\/eldiariodesanpedro.com.ar\/sitio\/wp-json\/wp\/v2\/posts"}],"about":[{"href":"https:\/\/eldiariodesanpedro.com.ar\/sitio\/wp-json\/wp\/v2\/types\/post"}],"author":[{"embeddable":true,"href":"https:\/\/eldiariodesanpedro.com.ar\/sitio\/wp-json\/wp\/v2\/users\/4"}],"replies":[{"embeddable":true,"href":"https:\/\/eldiariodesanpedro.com.ar\/sitio\/wp-json\/wp\/v2\/comments?post=106983"}],"version-history":[{"count":1,"href":"https:\/\/eldiariodesanpedro.com.ar\/sitio\/wp-json\/wp\/v2\/posts\/106983\/revisions"}],"predecessor-version":[{"id":106985,"href":"https:\/\/eldiariodesanpedro.com.ar\/sitio\/wp-json\/wp\/v2\/posts\/106983\/revisions\/106985"}],"wp:featuredmedia":[{"embeddable":true,"href":"https:\/\/eldiariodesanpedro.com.ar\/sitio\/wp-json\/wp\/v2\/media\/106984"}],"wp:attachment":[{"href":"https:\/\/eldiariodesanpedro.com.ar\/sitio\/wp-json\/wp\/v2\/media?parent=106983"}],"wp:term":[{"taxonomy":"category","embeddable":true,"href":"https:\/\/eldiariodesanpedro.com.ar\/sitio\/wp-json\/wp\/v2\/categories?post=106983"},{"taxonomy":"post_tag","embeddable":true,"href":"https:\/\/eldiariodesanpedro.com.ar\/sitio\/wp-json\/wp\/v2\/tags?post=106983"}],"curies":[{"name":"wp","href":"https:\/\/api.w.org\/{rel}","templated":true}]}}