{"id":106975,"date":"2022-05-13T09:29:33","date_gmt":"2022-05-13T12:29:33","guid":{"rendered":"https:\/\/eldiariodesanpedro.com.ar\/sitio\/?p=106975"},"modified":"2022-05-13T09:29:33","modified_gmt":"2022-05-13T12:29:33","slug":"campana-contra-la-fiebre-hemorragica-argentina","status":"publish","type":"post","link":"https:\/\/eldiariodesanpedro.com.ar\/sitio\/campana-contra-la-fiebre-hemorragica-argentina\/","title":{"rendered":"Campa\u00f1a contra la Fiebre Hemorr\u00e1gica Argentina"},"content":{"rendered":"<!-- VideographyWP Plugin Message: Automatic video embedding prevented by plugin options. -->\n\n<p>a Secretar\u00eda de Salud de la Municipalidad de San Pedro informa que a partir del lunes 16 de mayo comenzar\u00e1 una campa\u00f1a de vacunaci\u00f3n contra la Fiebre Hemorr\u00e1gica Argentina.<\/p>\n\n\n\n<p>Durante la ma\u00f1ana se aplicar\u00e1n vacunas en los Centros de Salud y el Hospital Municipal Emilio Ruffa y por la tarde, hasta las 18 hs podr\u00e1n aplicarse la vacuna en el Hospital Municipal, en el Centro de Salud Los Aromos, el Centro intercultural Dalagaic Piogonac, el Vacunatorio del Hospital Privado SADIV, el Hospital \u00ab26 de Julio\u00bb de Gobernador Castro, el Hospital de Santa Luc\u00eda y en la Delegaci\u00f3n de R\u00edo Tala.<\/p>\n\n\n\n<p>La Fiebre Hemorr\u00e1gica Argentina (FHA) es una enfermedad viral aguda grave, producida por el virus Jun\u00edn, es transmitida por el contacto directo con roedores o inhalaci\u00f3n de excretas de roedores infectados. Tiene un tiempo de incubaci\u00f3n de 1 a 2 semanas y los primeros s\u00edntomas incluyen fiebre, dolor de cabeza, debilidad, desgano, dolores articulares y oculares, p\u00e9rdida de apetito.<\/p>\n\n\n\n<p>La campa\u00f1a est\u00e1 dirigida a mayores de 15 a\u00f1os que no se encuentren transitando embarazo o se encuentren amamantando ni personas inmunodeprimidas. Adem\u00e1s, se recorrer\u00e1n lugares de trabajo en zona rural, el Puerto de San Pedro, zona de islas y escuelas rurales.<\/p>\n\n\n\n<p>Formas de prevenci\u00f3n en zonas rurales (En las provincias de Buenos Aires, C\u00f3rdoba, Santa Fe, Entre R\u00edos y La Pampa):<\/p>\n\n\n\n<ul class=\"wp-block-list\"><li>Mantener una higiene cuidadosa<\/li><li>No introducir tallos, hojas o granos en la boca<\/li><li>No acostarse sobre bolsas o en el suelo<\/li><li>Comer y dormir en habitaciones limpias<\/li><li>Usar calzado cerrado<\/li><li>Mantener desmalezados los alrededores de la vivienda para evitar que las lauchas se acerquen a ella.<\/li><li>No destruir la fauna depredadora de roedores (Lechuzas, lechuzones, chimangos y gatos)<\/li><\/ul>\n\n\n\n<figure class=\"wp-block-image size-full\"><img decoding=\"async\" width=\"630\" height=\"630\" data-attachment-id=\"106977\" data-permalink=\"https:\/\/eldiariodesanpedro.com.ar\/sitio\/campana-contra-la-fiebre-hemorragica-argentina\/whatsapp-image-2022-05-12-at-12-52-57-pm\/\" data-orig-file=\"https:\/\/eldiariodesanpedro.com.ar\/sitio\/wp-content\/uploads\/2022\/05\/WhatsApp-Image-2022-05-12-at-12.52.57-PM.jpeg\" data-orig-size=\"630,630\" data-comments-opened=\"0\" data-image-meta=\"{&quot;aperture&quot;:&quot;0&quot;,&quot;credit&quot;:&quot;&quot;,&quot;camera&quot;:&quot;&quot;,&quot;caption&quot;:&quot;&quot;,&quot;created_timestamp&quot;:&quot;0&quot;,&quot;copyright&quot;:&quot;&quot;,&quot;focal_length&quot;:&quot;0&quot;,&quot;iso&quot;:&quot;0&quot;,&quot;shutter_speed&quot;:&quot;0&quot;,&quot;title&quot;:&quot;&quot;,&quot;orientation&quot;:&quot;0&quot;}\" data-image-title=\"WhatsApp Image 2022-05-12 at 12.52.57 PM\" data-image-description=\"\" data-image-caption=\"\" data-large-file=\"https:\/\/eldiariodesanpedro.com.ar\/sitio\/wp-content\/uploads\/2022\/05\/WhatsApp-Image-2022-05-12-at-12.52.57-PM.jpeg\" data-src=\"https:\/\/eldiariodesanpedro.com.ar\/sitio\/wp-content\/uploads\/2022\/05\/WhatsApp-Image-2022-05-12-at-12.52.57-PM.jpeg\" alt=\"\" class=\"wp-image-106977 lazyload\" data-srcset=\"https:\/\/eldiariodesanpedro.com.ar\/sitio\/wp-content\/uploads\/2022\/05\/WhatsApp-Image-2022-05-12-at-12.52.57-PM.jpeg 630w, https:\/\/eldiariodesanpedro.com.ar\/sitio\/wp-content\/uploads\/2022\/05\/WhatsApp-Image-2022-05-12-at-12.52.57-PM-300x300.jpeg 300w, https:\/\/eldiariodesanpedro.com.ar\/sitio\/wp-content\/uploads\/2022\/05\/WhatsApp-Image-2022-05-12-at-12.52.57-PM-150x150.jpeg 150w\" data-sizes=\"(max-width: 630px) 100vw, 630px\" src=\"data:image\/svg+xml;base64,PHN2ZyB3aWR0aD0iMSIgaGVpZ2h0PSIxIiB4bWxucz0iaHR0cDovL3d3dy53My5vcmcvMjAwMC9zdmciPjwvc3ZnPg==\" style=\"--smush-placeholder-width: 630px; --smush-placeholder-aspect-ratio: 630\/630;\" \/><\/figure>\n","protected":false},"excerpt":{"rendered":"<p>a Secretar\u00eda de Salud de la Municipalidad de San Pedro informa que a partir del lunes 16 de mayo comenzar\u00e1 una campa\u00f1a de vacunaci\u00f3n contra la Fiebre Hemorr\u00e1gica Argentina. Durante la ma\u00f1ana se aplicar\u00e1n vacunas en los Centros de Salud y el Hospital Municipal Emilio Ruffa y por la tarde, hasta las 18 hs podr\u00e1n [&hellip;]<\/p>\n","protected":false},"author":4,"featured_media":106976,"comment_status":"closed","ping_status":"closed","sticky":false,"template":"","format":"standard","meta":{"om_disable_all_campaigns":false,"_jetpack_memberships_contains_paid_content":false,"footnotes":""},"categories":[101,2],"tags":[197,696,33,19],"class_list":["post-106975","post","type-post","status-publish","format-standard","has-post-thumbnail","hentry","category-interes-general-locales","category-locales","tag-buenos-aires","tag-interes-general","tag-locales","tag-san-pedro"],"aioseo_notices":[],"gutentor_comment":0,"jetpack_featured_media_url":"https:\/\/eldiariodesanpedro.com.ar\/sitio\/wp-content\/uploads\/2022\/05\/Vacunacion-Fiebre-Hemorragica-Argentina.jpg","jetpack_shortlink":"https:\/\/wp.me\/p6RhLt-rPp","jetpack_sharing_enabled":true,"_links":{"self":[{"href":"https:\/\/eldiariodesanpedro.com.ar\/sitio\/wp-json\/wp\/v2\/posts\/106975","targetHints":{"allow":["GET"]}}],"collection":[{"href":"https:\/\/eldiariodesanpedro.com.ar\/sitio\/wp-json\/wp\/v2\/posts"}],"about":[{"href":"https:\/\/eldiariodesanpedro.com.ar\/sitio\/wp-json\/wp\/v2\/types\/post"}],"author":[{"embeddable":true,"href":"https:\/\/eldiariodesanpedro.com.ar\/sitio\/wp-json\/wp\/v2\/users\/4"}],"replies":[{"embeddable":true,"href":"https:\/\/eldiariodesanpedro.com.ar\/sitio\/wp-json\/wp\/v2\/comments?post=106975"}],"version-history":[{"count":1,"href":"https:\/\/eldiariodesanpedro.com.ar\/sitio\/wp-json\/wp\/v2\/posts\/106975\/revisions"}],"predecessor-version":[{"id":106978,"href":"https:\/\/eldiariodesanpedro.com.ar\/sitio\/wp-json\/wp\/v2\/posts\/106975\/revisions\/106978"}],"wp:featuredmedia":[{"embeddable":true,"href":"https:\/\/eldiariodesanpedro.com.ar\/sitio\/wp-json\/wp\/v2\/media\/106976"}],"wp:attachment":[{"href":"https:\/\/eldiariodesanpedro.com.ar\/sitio\/wp-json\/wp\/v2\/media?parent=106975"}],"wp:term":[{"taxonomy":"category","embeddable":true,"href":"https:\/\/eldiariodesanpedro.com.ar\/sitio\/wp-json\/wp\/v2\/categories?post=106975"},{"taxonomy":"post_tag","embeddable":true,"href":"https:\/\/eldiariodesanpedro.com.ar\/sitio\/wp-json\/wp\/v2\/tags?post=106975"}],"curies":[{"name":"wp","href":"https:\/\/api.w.org\/{rel}","templated":true}]}}