{"id":10697,"date":"2016-11-25T18:45:13","date_gmt":"2016-11-25T21:45:13","guid":{"rendered":"https:\/\/eldiariodesanpedro.com.ar\/sitio\/?p=10697"},"modified":"2016-11-25T18:45:13","modified_gmt":"2016-11-25T21:45:13","slug":"declararon-de-interes-municipal-la-campana-de-concientizacion-contra-la-violencia-de-genero","status":"publish","type":"post","link":"https:\/\/eldiariodesanpedro.com.ar\/sitio\/declararon-de-interes-municipal-la-campana-de-concientizacion-contra-la-violencia-de-genero\/","title":{"rendered":"Declararon de inter\u00e9s municipal la Campa\u00f1a de Concientizaci\u00f3n contra la Violencia de G\u00e9nero"},"content":{"rendered":"<p><!-- VideographyWP Plugin Message: Automatic video embedding prevented by plugin options. --><br \/>\nEn la \u00faltima sesi\u00f3n del a\u00f1o del Honorable Concejo Deliberante, mediante un proyecto de ordenanza, declararon de inter\u00e9s municipal la campa\u00f1a de prevenci\u00f3n comunicacional de la violencia de g\u00e9nero del Movimiento Minerva Mirabal.<\/p>\n<p>Esto se da en el marco del D\u00eda Internacional para la Eliminaci\u00f3n de la Violencia contra la Mujer. El 25 de noviembre es la fecha elegida para conmemorar en todo el mundo el flagelo sufrido por mujeres de todas las nacionalidades, con el objetivo de concientizar sobre la violencia de g\u00e9nero.<\/p>\n<p>En este sentido, ayer se realizaron dos actividades por este d\u00eda. En el CIC, la Mesa Local contra la Violencia y el Abuso convocaron a una actividad en conjunto con la Secretar\u00eda de Desarrollo Humano, con el CAJ y la Comisar\u00eda de la Mujer. El taller-debate comenz\u00f3 a las 10.00. <\/p>\n<p>Por su parte, el grupo Libres de Miedo organiz\u00f3 una conmemoraci\u00f3n en donde actuaron Nico Aulet, Tambores Sin Fronteras y la murga rosarina Modestia Aparte. Comenz\u00f3 a las 19.30 en el Centro de Comercio. El evento tuvo un cierre murguero, con un grupo conformado solo por mujeres.<\/p>\n","protected":false},"excerpt":{"rendered":"<p>En la \u00faltima sesi\u00f3n del a\u00f1o del Honorable Concejo Deliberante, mediante un proyecto de ordenanza, declararon de inter\u00e9s municipal la campa\u00f1a de prevenci\u00f3n comunicacional de la violencia de g\u00e9nero del Movimiento Minerva Mirabal. Esto se da en el marco del D\u00eda Internacional para la Eliminaci\u00f3n de la Violencia contra la Mujer. El 25 de noviembre [&hellip;]<\/p>\n","protected":false},"author":4,"featured_media":10698,"comment_status":"open","ping_status":"closed","sticky":false,"template":"","format":"standard","meta":{"om_disable_all_campaigns":false,"_jetpack_memberships_contains_paid_content":false,"footnotes":""},"categories":[50,101,2],"tags":[],"class_list":["post-10697","post","type-post","status-publish","format-standard","has-post-thumbnail","hentry","category-destacadas","category-interes-general-locales","category-locales"],"aioseo_notices":[],"gutentor_comment":0,"jetpack_featured_media_url":"https:\/\/eldiariodesanpedro.com.ar\/sitio\/wp-content\/uploads\/2016\/11\/dia-mundial-contra-la-violencia-de-genero.jpg","jetpack_shortlink":"https:\/\/wp.me\/p6RhLt-2Mx","jetpack_sharing_enabled":true,"_links":{"self":[{"href":"https:\/\/eldiariodesanpedro.com.ar\/sitio\/wp-json\/wp\/v2\/posts\/10697","targetHints":{"allow":["GET"]}}],"collection":[{"href":"https:\/\/eldiariodesanpedro.com.ar\/sitio\/wp-json\/wp\/v2\/posts"}],"about":[{"href":"https:\/\/eldiariodesanpedro.com.ar\/sitio\/wp-json\/wp\/v2\/types\/post"}],"author":[{"embeddable":true,"href":"https:\/\/eldiariodesanpedro.com.ar\/sitio\/wp-json\/wp\/v2\/users\/4"}],"replies":[{"embeddable":true,"href":"https:\/\/eldiariodesanpedro.com.ar\/sitio\/wp-json\/wp\/v2\/comments?post=10697"}],"version-history":[{"count":1,"href":"https:\/\/eldiariodesanpedro.com.ar\/sitio\/wp-json\/wp\/v2\/posts\/10697\/revisions"}],"predecessor-version":[{"id":10699,"href":"https:\/\/eldiariodesanpedro.com.ar\/sitio\/wp-json\/wp\/v2\/posts\/10697\/revisions\/10699"}],"wp:featuredmedia":[{"embeddable":true,"href":"https:\/\/eldiariodesanpedro.com.ar\/sitio\/wp-json\/wp\/v2\/media\/10698"}],"wp:attachment":[{"href":"https:\/\/eldiariodesanpedro.com.ar\/sitio\/wp-json\/wp\/v2\/media?parent=10697"}],"wp:term":[{"taxonomy":"category","embeddable":true,"href":"https:\/\/eldiariodesanpedro.com.ar\/sitio\/wp-json\/wp\/v2\/categories?post=10697"},{"taxonomy":"post_tag","embeddable":true,"href":"https:\/\/eldiariodesanpedro.com.ar\/sitio\/wp-json\/wp\/v2\/tags?post=10697"}],"curies":[{"name":"wp","href":"https:\/\/api.w.org\/{rel}","templated":true}]}}