{"id":106966,"date":"2022-05-13T08:00:00","date_gmt":"2022-05-13T11:00:00","guid":{"rendered":"https:\/\/eldiariodesanpedro.com.ar\/sitio\/?p=106966"},"modified":"2022-05-13T08:56:17","modified_gmt":"2022-05-13T11:56:17","slug":"llamado-a-concurso-de-jefaturas-para-profesionales-de-la-carrera-profesional-hospitalaria","status":"publish","type":"post","link":"https:\/\/eldiariodesanpedro.com.ar\/sitio\/llamado-a-concurso-de-jefaturas-para-profesionales-de-la-carrera-profesional-hospitalaria\/","title":{"rendered":"Llamado a concurso de Jefaturas para profesionales de la Carrera Profesional Hospitalaria"},"content":{"rendered":"<!-- VideographyWP Plugin Message: Automatic video embedding prevented by plugin options. -->\n\n<p>Llamado a concurso de antecedentes y m\u00e9ritos de Jefaturas en el \u00e1mbito del Hospital Sub Zonal de San Pedro Dr. Emilio Ruffa, para profesionales de la Carrera Profesional Hospitalaria (Ley 10471).<\/p>\n\n\n\n<p>A continuaci\u00f3n se detalla el listado de jefaturas a concursar:<\/p>\n\n\n\n<ul class=\"wp-block-list\"><li>Jefatura de Laboratorio<\/li><li>Jefatura de Pediatr\u00eda<\/li><li>Jefatura de Terapia Intensiva<\/li><li>Jefatura de Ginecolog\u00eda y Obstetricia.<\/li><\/ul>\n\n\n\n<p>Los postulantes deber\u00e1n presentar la siguiente documentaci\u00f3n hasta el d\u00eda 20 de mayo del corriente inclusive, en la Secretaria de Salud, ante el Director de Personal de la Secretaria el Lic. Augusto Ramos, sin excepci\u00f3n.<\/p>\n\n\n\n<p>Curriculum Vitae, fotocopia de DNI, CIUL \/ CUIT, \u00c9tico Profesional vigente, fotocopia de Titulo, Matricula habilitante (Colegio M\u00e9dico Provincia de Buenos Aires Distrito VI), Titulo de Especialidad,&nbsp; Seguro de Responsabilidad Civil y Planilla de Incompatibilidad Horaria.<\/p>\n\n\n\n<p>Llamado del concurso: Entre el 23\/05\/2022 al 31\/05\/2022, entre las 9 hs. y 13 hs. (se determinar\u00e1 la fecha y horario el 24\/05\/22).<\/p>\n","protected":false},"excerpt":{"rendered":"<p>Llamado a concurso de antecedentes y m\u00e9ritos de Jefaturas en el \u00e1mbito del Hospital Sub Zonal de San Pedro Dr. Emilio Ruffa, para profesionales de la Carrera Profesional Hospitalaria (Ley 10471). A continuaci\u00f3n se detalla el listado de jefaturas a concursar: Jefatura de Laboratorio Jefatura de Pediatr\u00eda Jefatura de Terapia Intensiva Jefatura de Ginecolog\u00eda y [&hellip;]<\/p>\n","protected":false},"author":4,"featured_media":106967,"comment_status":"closed","ping_status":"closed","sticky":false,"template":"","format":"standard","meta":{"om_disable_all_campaigns":false,"_jetpack_memberships_contains_paid_content":false,"footnotes":""},"categories":[676,1164],"tags":[197,696,2864,33,19],"class_list":["post-106966","post","type-post","status-publish","format-standard","has-post-thumbnail","hentry","category-edictos","category-municipales","tag-buenos-aires","tag-interes-general","tag-llamado-a-concurso-de-jefaturas-para-profesionales-de-la-carrera-profesional-hospitalaria","tag-locales","tag-san-pedro"],"aioseo_notices":[],"gutentor_comment":0,"jetpack_featured_media_url":"https:\/\/eldiariodesanpedro.com.ar\/sitio\/wp-content\/uploads\/2022\/05\/Secreatria-de-salud-12-05-2022.jpg","jetpack_shortlink":"https:\/\/wp.me\/p6RhLt-rPg","jetpack_sharing_enabled":true,"_links":{"self":[{"href":"https:\/\/eldiariodesanpedro.com.ar\/sitio\/wp-json\/wp\/v2\/posts\/106966","targetHints":{"allow":["GET"]}}],"collection":[{"href":"https:\/\/eldiariodesanpedro.com.ar\/sitio\/wp-json\/wp\/v2\/posts"}],"about":[{"href":"https:\/\/eldiariodesanpedro.com.ar\/sitio\/wp-json\/wp\/v2\/types\/post"}],"author":[{"embeddable":true,"href":"https:\/\/eldiariodesanpedro.com.ar\/sitio\/wp-json\/wp\/v2\/users\/4"}],"replies":[{"embeddable":true,"href":"https:\/\/eldiariodesanpedro.com.ar\/sitio\/wp-json\/wp\/v2\/comments?post=106966"}],"version-history":[{"count":1,"href":"https:\/\/eldiariodesanpedro.com.ar\/sitio\/wp-json\/wp\/v2\/posts\/106966\/revisions"}],"predecessor-version":[{"id":106968,"href":"https:\/\/eldiariodesanpedro.com.ar\/sitio\/wp-json\/wp\/v2\/posts\/106966\/revisions\/106968"}],"wp:featuredmedia":[{"embeddable":true,"href":"https:\/\/eldiariodesanpedro.com.ar\/sitio\/wp-json\/wp\/v2\/media\/106967"}],"wp:attachment":[{"href":"https:\/\/eldiariodesanpedro.com.ar\/sitio\/wp-json\/wp\/v2\/media?parent=106966"}],"wp:term":[{"taxonomy":"category","embeddable":true,"href":"https:\/\/eldiariodesanpedro.com.ar\/sitio\/wp-json\/wp\/v2\/categories?post=106966"},{"taxonomy":"post_tag","embeddable":true,"href":"https:\/\/eldiariodesanpedro.com.ar\/sitio\/wp-json\/wp\/v2\/tags?post=106966"}],"curies":[{"name":"wp","href":"https:\/\/api.w.org\/{rel}","templated":true}]}}