{"id":10695,"date":"2016-11-25T18:42:04","date_gmt":"2016-11-25T21:42:04","guid":{"rendered":"https:\/\/eldiariodesanpedro.com.ar\/sitio\/?p=10695"},"modified":"2016-11-25T18:42:04","modified_gmt":"2016-11-25T21:42:04","slug":"el-centro-de-comercio-realizo-gestiones-ante-la-fundacion-icbc","status":"publish","type":"post","link":"https:\/\/eldiariodesanpedro.com.ar\/sitio\/el-centro-de-comercio-realizo-gestiones-ante-la-fundacion-icbc\/","title":{"rendered":"El Centro de Comercio realiz\u00f3 gestiones ante la Fundaci\u00f3n ICBC"},"content":{"rendered":"<p><!-- VideographyWP Plugin Message: Automatic video embedding prevented by plugin options. --><br \/>\nEl pasado mi\u00e9rcoles 23 de noviembre en la Ciudad Aut\u00f3noma de Buenos Aires, el presidente del Centro de Comercio e Industria, Daniel Biscia, el presidente de la C\u00e1mara de Comercio Exterior, N\u00e9stor Casal, y los se\u00f1ores Francisco Mattig y Ra\u00fal Cheyllada participaron de una reuni\u00f3n en la que se presentaron formalmente ante la Fundaci\u00f3n ICBC.<\/p>\n<p>El presidente del organismo, Felix Pe\u00f1a, los recibi\u00f3 para comenzar a analizar diferentes actividades conjuntas que se planificar\u00e1n para el futuro cercano.<\/p>\n<p>La Fundaci\u00f3n ICBC es una organizaci\u00f3n sin fines de lucro que lleva m\u00e1s de 40 a\u00f1os de actividad en la Argentina y contribuye a estas actividades con capacitaci\u00f3n y formaci\u00f3n adem\u00e1s de un asesoramiento integral en la materia.<\/p>\n<p>En el transcurso del mes de diciembre habr\u00e1 un nuevo encuentro en la instituci\u00f3n, del que surgir\u00e1 una agenda com\u00fan para el a\u00f1o pr\u00f3ximo.<\/p>\n","protected":false},"excerpt":{"rendered":"<p>El pasado mi\u00e9rcoles 23 de noviembre en la Ciudad Aut\u00f3noma de Buenos Aires, el presidente del Centro de Comercio e Industria, Daniel Biscia, el presidente de la C\u00e1mara de Comercio Exterior, N\u00e9stor Casal, y los se\u00f1ores Francisco Mattig y Ra\u00fal Cheyllada participaron de una reuni\u00f3n en la que se presentaron formalmente ante la Fundaci\u00f3n ICBC. [&hellip;]<\/p>\n","protected":false},"author":4,"featured_media":3126,"comment_status":"open","ping_status":"closed","sticky":false,"template":"","format":"standard","meta":{"om_disable_all_campaigns":false,"_jetpack_memberships_contains_paid_content":false,"footnotes":""},"categories":[101,2],"tags":[],"class_list":["post-10695","post","type-post","status-publish","format-standard","has-post-thumbnail","hentry","category-interes-general-locales","category-locales"],"aioseo_notices":[],"gutentor_comment":0,"jetpack_featured_media_url":"https:\/\/eldiariodesanpedro.com.ar\/sitio\/wp-content\/uploads\/2016\/04\/Centro-de-Comercio-e-industria.jpg","jetpack_shortlink":"https:\/\/wp.me\/p6RhLt-2Mv","jetpack_sharing_enabled":true,"_links":{"self":[{"href":"https:\/\/eldiariodesanpedro.com.ar\/sitio\/wp-json\/wp\/v2\/posts\/10695","targetHints":{"allow":["GET"]}}],"collection":[{"href":"https:\/\/eldiariodesanpedro.com.ar\/sitio\/wp-json\/wp\/v2\/posts"}],"about":[{"href":"https:\/\/eldiariodesanpedro.com.ar\/sitio\/wp-json\/wp\/v2\/types\/post"}],"author":[{"embeddable":true,"href":"https:\/\/eldiariodesanpedro.com.ar\/sitio\/wp-json\/wp\/v2\/users\/4"}],"replies":[{"embeddable":true,"href":"https:\/\/eldiariodesanpedro.com.ar\/sitio\/wp-json\/wp\/v2\/comments?post=10695"}],"version-history":[{"count":1,"href":"https:\/\/eldiariodesanpedro.com.ar\/sitio\/wp-json\/wp\/v2\/posts\/10695\/revisions"}],"predecessor-version":[{"id":10696,"href":"https:\/\/eldiariodesanpedro.com.ar\/sitio\/wp-json\/wp\/v2\/posts\/10695\/revisions\/10696"}],"wp:featuredmedia":[{"embeddable":true,"href":"https:\/\/eldiariodesanpedro.com.ar\/sitio\/wp-json\/wp\/v2\/media\/3126"}],"wp:attachment":[{"href":"https:\/\/eldiariodesanpedro.com.ar\/sitio\/wp-json\/wp\/v2\/media?parent=10695"}],"wp:term":[{"taxonomy":"category","embeddable":true,"href":"https:\/\/eldiariodesanpedro.com.ar\/sitio\/wp-json\/wp\/v2\/categories?post=10695"},{"taxonomy":"post_tag","embeddable":true,"href":"https:\/\/eldiariodesanpedro.com.ar\/sitio\/wp-json\/wp\/v2\/tags?post=10695"}],"curies":[{"name":"wp","href":"https:\/\/api.w.org\/{rel}","templated":true}]}}