{"id":106945,"date":"2022-05-12T11:22:30","date_gmt":"2022-05-12T14:22:30","guid":{"rendered":"https:\/\/eldiariodesanpedro.com.ar\/sitio\/?p=106945"},"modified":"2022-05-12T11:22:31","modified_gmt":"2022-05-12T14:22:31","slug":"un-delincuente-aprehendido-en-una-obra-en-construccion","status":"publish","type":"post","link":"https:\/\/eldiariodesanpedro.com.ar\/sitio\/un-delincuente-aprehendido-en-una-obra-en-construccion\/","title":{"rendered":"Un delincuente aprehendido en una obra en construcci\u00f3n"},"content":{"rendered":"<!-- VideographyWP Plugin Message: Automatic video embedding prevented by plugin options. -->\n\n<p>En la jornada de ayer en horas de la noche promediando las 22 hr el personal policial de nuestra ciudad a ra\u00edz de un llamado al 911 de emergencias en calle Doctor Rojas y Chivilcoy proceden a la aprehensi\u00f3n de ciudadano mayor de edad en el cual se encontraba en el interior de una vivienda en construcci\u00f3n propiedad de ciudadano mayor de edad.<br>D\u00e1ndole intervenci\u00f3n a la UFI 05 en turno que dispone se inicien las actuaciones correspondientes.-<\/p>\n","protected":false},"excerpt":{"rendered":"<p>En la jornada de ayer en horas de la noche promediando las 22 hr el personal policial de nuestra ciudad a ra\u00edz de un llamado al 911 de emergencias en calle Doctor Rojas y Chivilcoy proceden a la aprehensi\u00f3n de ciudadano mayor de edad en el cual se encontraba en el interior de una vivienda [&hellip;]<\/p>\n","protected":false},"author":4,"featured_media":106946,"comment_status":"closed","ping_status":"closed","sticky":false,"template":"","format":"standard","meta":{"om_disable_all_campaigns":false,"_jetpack_memberships_contains_paid_content":false,"footnotes":""},"categories":[2,103],"tags":[197,696,33,19],"class_list":["post-106945","post","type-post","status-publish","format-standard","has-post-thumbnail","hentry","category-locales","category-policiales-locales","tag-buenos-aires","tag-interes-general","tag-locales","tag-san-pedro"],"aioseo_notices":[],"gutentor_comment":0,"jetpack_featured_media_url":"https:\/\/eldiariodesanpedro.com.ar\/sitio\/wp-content\/uploads\/2022\/05\/medida-6.jpg","jetpack_shortlink":"https:\/\/wp.me\/p6RhLt-rOV","jetpack_sharing_enabled":true,"_links":{"self":[{"href":"https:\/\/eldiariodesanpedro.com.ar\/sitio\/wp-json\/wp\/v2\/posts\/106945","targetHints":{"allow":["GET"]}}],"collection":[{"href":"https:\/\/eldiariodesanpedro.com.ar\/sitio\/wp-json\/wp\/v2\/posts"}],"about":[{"href":"https:\/\/eldiariodesanpedro.com.ar\/sitio\/wp-json\/wp\/v2\/types\/post"}],"author":[{"embeddable":true,"href":"https:\/\/eldiariodesanpedro.com.ar\/sitio\/wp-json\/wp\/v2\/users\/4"}],"replies":[{"embeddable":true,"href":"https:\/\/eldiariodesanpedro.com.ar\/sitio\/wp-json\/wp\/v2\/comments?post=106945"}],"version-history":[{"count":1,"href":"https:\/\/eldiariodesanpedro.com.ar\/sitio\/wp-json\/wp\/v2\/posts\/106945\/revisions"}],"predecessor-version":[{"id":106947,"href":"https:\/\/eldiariodesanpedro.com.ar\/sitio\/wp-json\/wp\/v2\/posts\/106945\/revisions\/106947"}],"wp:featuredmedia":[{"embeddable":true,"href":"https:\/\/eldiariodesanpedro.com.ar\/sitio\/wp-json\/wp\/v2\/media\/106946"}],"wp:attachment":[{"href":"https:\/\/eldiariodesanpedro.com.ar\/sitio\/wp-json\/wp\/v2\/media?parent=106945"}],"wp:term":[{"taxonomy":"category","embeddable":true,"href":"https:\/\/eldiariodesanpedro.com.ar\/sitio\/wp-json\/wp\/v2\/categories?post=106945"},{"taxonomy":"post_tag","embeddable":true,"href":"https:\/\/eldiariodesanpedro.com.ar\/sitio\/wp-json\/wp\/v2\/tags?post=106945"}],"curies":[{"name":"wp","href":"https:\/\/api.w.org\/{rel}","templated":true}]}}