{"id":106942,"date":"2022-05-12T11:04:09","date_gmt":"2022-05-12T14:04:09","guid":{"rendered":"https:\/\/eldiariodesanpedro.com.ar\/sitio\/?p=106942"},"modified":"2022-05-12T11:04:10","modified_gmt":"2022-05-12T14:04:10","slug":"alerta-por-campanas-de-controles-oftalmologicos-sin-respaldo-profesional","status":"publish","type":"post","link":"https:\/\/eldiariodesanpedro.com.ar\/sitio\/alerta-por-campanas-de-controles-oftalmologicos-sin-respaldo-profesional\/","title":{"rendered":"Alerta por campa\u00f1as de controles oftalmol\u00f3gicos sin respaldo profesional"},"content":{"rendered":"<!-- VideographyWP Plugin Message: Automatic video embedding prevented by plugin options. -->\n\n<p>El C\u00edrculo M\u00e9dico de San Pedro informa que ha remitido hoy, en conjunto con el Consejo Argentino de Oftalmolog\u00eda, una nota dirigida al Intendente y al Secretario de Salud de la Municipalidad de San Pedro, para advertir sobre la promoci\u00f3n de una nueva campa\u00f1a denominada \u201cOperativo Oftalmol\u00f3gico gratuito\u201d, que sin ning\u00fan tipo de respaldo profesional ofrece a la comunidad el acceso a lentes con costos reducidos.<\/p>\n\n\n\n<p>Este tipo de acciones debe ser realizada en ambientes apropiados y por profesionales oftalm\u00f3logos ya que suponen ex\u00e1menes visuales y recetas.<\/p>\n\n\n\n<p>Desde el Consejo Argentino de Oftalmolog\u00eda se solicita a las autoridades competentes que intervengan ante la promoci\u00f3n que se viene realizando y reitera la preocupaci\u00f3n ante las consecuencias del ejercicio ilegal de la medicina, con la consecuente preocupaci\u00f3n por el peligro de la salud visual de la poblaci\u00f3n.<\/p>\n\n\n\n<p>El \u00f3ptico, tal como la ley lo indica, es un colaborador o auxiliar del m\u00e9dico oftalm\u00f3logo, y debe limitar su actuaci\u00f3n a la prescripci\u00f3n m\u00e9dica, a la receta expedida por el m\u00e9dico oftalm\u00f3logo, la cual debe llevarse a cabo en lugares especialmente habilitados por la autoridad sanitaria.<\/p>\n\n\n\n<p>Esta comunicaci\u00f3n se comparte adem\u00e1s para prevenir a la comunidad sobre esta campa\u00f1a que no cuenta con el respaldo expl\u00edcito ni del sector p\u00fablico ni del sector privado.<\/p>\n","protected":false},"excerpt":{"rendered":"<p>El C\u00edrculo M\u00e9dico de San Pedro informa que ha remitido hoy, en conjunto con el Consejo Argentino de Oftalmolog\u00eda, una nota dirigida al Intendente y al Secretario de Salud de la Municipalidad de San Pedro, para advertir sobre la promoci\u00f3n de una nueva campa\u00f1a denominada \u201cOperativo Oftalmol\u00f3gico gratuito\u201d, que sin ning\u00fan tipo de respaldo profesional [&hellip;]<\/p>\n","protected":false},"author":4,"featured_media":106943,"comment_status":"closed","ping_status":"closed","sticky":false,"template":"","format":"standard","meta":{"om_disable_all_campaigns":false,"_jetpack_memberships_contains_paid_content":false,"footnotes":""},"categories":[101,2],"tags":[197,33,95,19],"class_list":["post-106942","post","type-post","status-publish","format-standard","has-post-thumbnail","hentry","category-interes-general-locales","category-locales","tag-buenos-aires","tag-locales","tag-policiales","tag-san-pedro"],"aioseo_notices":[],"gutentor_comment":0,"jetpack_featured_media_url":"https:\/\/eldiariodesanpedro.com.ar\/sitio\/wp-content\/uploads\/2022\/05\/alerta-anteojos.jpg","jetpack_shortlink":"https:\/\/wp.me\/p6RhLt-rOS","jetpack_sharing_enabled":true,"_links":{"self":[{"href":"https:\/\/eldiariodesanpedro.com.ar\/sitio\/wp-json\/wp\/v2\/posts\/106942","targetHints":{"allow":["GET"]}}],"collection":[{"href":"https:\/\/eldiariodesanpedro.com.ar\/sitio\/wp-json\/wp\/v2\/posts"}],"about":[{"href":"https:\/\/eldiariodesanpedro.com.ar\/sitio\/wp-json\/wp\/v2\/types\/post"}],"author":[{"embeddable":true,"href":"https:\/\/eldiariodesanpedro.com.ar\/sitio\/wp-json\/wp\/v2\/users\/4"}],"replies":[{"embeddable":true,"href":"https:\/\/eldiariodesanpedro.com.ar\/sitio\/wp-json\/wp\/v2\/comments?post=106942"}],"version-history":[{"count":1,"href":"https:\/\/eldiariodesanpedro.com.ar\/sitio\/wp-json\/wp\/v2\/posts\/106942\/revisions"}],"predecessor-version":[{"id":106944,"href":"https:\/\/eldiariodesanpedro.com.ar\/sitio\/wp-json\/wp\/v2\/posts\/106942\/revisions\/106944"}],"wp:featuredmedia":[{"embeddable":true,"href":"https:\/\/eldiariodesanpedro.com.ar\/sitio\/wp-json\/wp\/v2\/media\/106943"}],"wp:attachment":[{"href":"https:\/\/eldiariodesanpedro.com.ar\/sitio\/wp-json\/wp\/v2\/media?parent=106942"}],"wp:term":[{"taxonomy":"category","embeddable":true,"href":"https:\/\/eldiariodesanpedro.com.ar\/sitio\/wp-json\/wp\/v2\/categories?post=106942"},{"taxonomy":"post_tag","embeddable":true,"href":"https:\/\/eldiariodesanpedro.com.ar\/sitio\/wp-json\/wp\/v2\/tags?post=106942"}],"curies":[{"name":"wp","href":"https:\/\/api.w.org\/{rel}","templated":true}]}}