{"id":106935,"date":"2022-05-12T10:35:36","date_gmt":"2022-05-12T13:35:36","guid":{"rendered":"https:\/\/eldiariodesanpedro.com.ar\/sitio\/?p=106935"},"modified":"2022-05-12T10:35:36","modified_gmt":"2022-05-12T13:35:36","slug":"censo-2022-continua-la-posibilidad-de-completar-los-datos-hasta-el-18-de-mayo-2","status":"publish","type":"post","link":"https:\/\/eldiariodesanpedro.com.ar\/sitio\/censo-2022-continua-la-posibilidad-de-completar-los-datos-hasta-el-18-de-mayo-2\/","title":{"rendered":"Censo 2022: Contin\u00faa la posibilidad de completar los datos hasta el 18 de mayo"},"content":{"rendered":"<!-- VideographyWP Plugin Message: Automatic video embedding prevented by plugin options. -->\n\n<p>El Censo Nacional de Poblaci\u00f3n, Hogares y Viviendas es el operativo civil de mayor dimensi\u00f3n que lleva adelante un pa\u00eds y se realiza cada 10 a\u00f1os. En Argentina debi\u00f3 postergarse en 2020 con motivo de la pandemia, es por ello que se realizar\u00e1 en este 2022 y por primera vez en la historia de nuestro pa\u00eds, el Censo 2022 ser\u00e1 bimodal (digital y presencial).<\/p>\n\n\n\n<p>Entre las 00:00 y las 20:00 del d\u00eda del Censo no se podr\u00e1n realizar funciones teatrales, exhibiciones cinematogr\u00e1ficas, competencias deportivas, espect\u00e1culos ni reuniones p\u00fablicas. Tampoco podr\u00e1n permanecer abiertos los clubes y comercios de venta de art\u00edculos alimenticios (Ley 24.254).<\/p>\n\n\n\n<p>Censo digital: Hasta el 18 de mayo de 2022 a las 8 de la ma\u00f1ana, las personas que lo prefieran podr\u00e1n autocompletar el cuestionario digital para censar a todos los integrantes de su hogar. El Censo digital se podr\u00e1 completar desde cualquier dispositivo digital con conexi\u00f3n a internet, a trav\u00e9s de los siguientes pasos:<\/p>\n\n\n\n<ul class=\"wp-block-list\"><li>Ingresar en www.censo.gob.ar.<\/li><li>Seleccionar el bot\u00f3n \u201cCenso digital\u201d ubicado en el margen superior derecho de la pantalla.<\/li><li>Seguir las instrucciones para generar el c\u00f3digo \u00fanico de la vivienda.<\/li><li>Acceder al cuestionario digital para responder las preguntas por todas las personas que integran el hogar.<\/li><li>Guardar el comprobante del Censo digital (c\u00f3digo alfanum\u00e9rico de seis d\u00edgitos que se entrega al completar el cuestionario) para el mi\u00e9rcoles 18 de mayo, D\u00eda del Censo presentarlo ante la persona censista que visite su vivienda.<\/li><\/ul>\n\n\n\n<p>Censo presencial: El 18 de mayo, d\u00eda que ser\u00e1 feriado nacional (Decreto 42\/2022), las personas censistas visitar\u00e1n todas las viviendas del pa\u00eds debidamente acreditada, hayan completado o no el cuestionario digital, entre las 8 y las 18 h para solicitar el comprobante del Censo digital o realizar la entrevista tradicional a quienes no hayan completado el cuestionario en l\u00ednea. Si deb\u00e9s salir de tu vivienda, asegurate de que en todo momento haya otra persona presente que pueda responder las preguntas o presentar el c\u00f3digo alfanum\u00e9rico del comprobante de finalizaci\u00f3n del Censo digital.<\/p>\n\n\n\n<p>Las personas censistas tendr\u00e1n una pechera con la imagen del Censo y una credencial con sus datos personales (nombre, apellido y DNI). Podr\u00e1s verificar esta informaci\u00f3n en nuestro sitio web el D\u00eda del Censo.<\/p>\n\n\n\n<p>Adem\u00e1s de la introducci\u00f3n del Censo digital, la Argentina organizar\u00e1 por primera vez un \u201ccenso de derecho\u201d. Las personas ser\u00e1n contabilizadas seg\u00fan su lugar de residencia habitual, es decir, donde pasan la mayor parte del tiempo durante la semana y en el lugar donde demandan servicios. Hasta ahora, el censo contabilizaba a las personas en el lugar en el que hab\u00edan pasado la noche anterior.<\/p>\n\n\n\n<figure class=\"wp-block-image size-full\"><img decoding=\"async\" width=\"630\" height=\"630\" data-attachment-id=\"106936\" data-permalink=\"https:\/\/eldiariodesanpedro.com.ar\/sitio\/censo-2022-continua-la-posibilidad-de-completar-los-datos-hasta-el-18-de-mayo-2\/whatsapp-image-2022-05-12-at-9-41-10-am\/\" data-orig-file=\"https:\/\/eldiariodesanpedro.com.ar\/sitio\/wp-content\/uploads\/2022\/05\/WhatsApp-Image-2022-05-12-at-9.41.10-AM.jpeg\" data-orig-size=\"630,630\" data-comments-opened=\"0\" data-image-meta=\"{&quot;aperture&quot;:&quot;0&quot;,&quot;credit&quot;:&quot;&quot;,&quot;camera&quot;:&quot;&quot;,&quot;caption&quot;:&quot;&quot;,&quot;created_timestamp&quot;:&quot;0&quot;,&quot;copyright&quot;:&quot;&quot;,&quot;focal_length&quot;:&quot;0&quot;,&quot;iso&quot;:&quot;0&quot;,&quot;shutter_speed&quot;:&quot;0&quot;,&quot;title&quot;:&quot;&quot;,&quot;orientation&quot;:&quot;0&quot;}\" data-image-title=\"WhatsApp Image 2022-05-12 at 9.41.10 AM\" data-image-description=\"\" data-image-caption=\"\" data-large-file=\"https:\/\/eldiariodesanpedro.com.ar\/sitio\/wp-content\/uploads\/2022\/05\/WhatsApp-Image-2022-05-12-at-9.41.10-AM.jpeg\" data-src=\"https:\/\/eldiariodesanpedro.com.ar\/sitio\/wp-content\/uploads\/2022\/05\/WhatsApp-Image-2022-05-12-at-9.41.10-AM.jpeg\" alt=\"\" class=\"wp-image-106936 lazyload\" data-srcset=\"https:\/\/eldiariodesanpedro.com.ar\/sitio\/wp-content\/uploads\/2022\/05\/WhatsApp-Image-2022-05-12-at-9.41.10-AM.jpeg 630w, https:\/\/eldiariodesanpedro.com.ar\/sitio\/wp-content\/uploads\/2022\/05\/WhatsApp-Image-2022-05-12-at-9.41.10-AM-300x300.jpeg 300w, https:\/\/eldiariodesanpedro.com.ar\/sitio\/wp-content\/uploads\/2022\/05\/WhatsApp-Image-2022-05-12-at-9.41.10-AM-150x150.jpeg 150w\" data-sizes=\"(max-width: 630px) 100vw, 630px\" src=\"data:image\/svg+xml;base64,PHN2ZyB3aWR0aD0iMSIgaGVpZ2h0PSIxIiB4bWxucz0iaHR0cDovL3d3dy53My5vcmcvMjAwMC9zdmciPjwvc3ZnPg==\" style=\"--smush-placeholder-width: 630px; --smush-placeholder-aspect-ratio: 630\/630;\" \/><\/figure>\n","protected":false},"excerpt":{"rendered":"<p>El Censo Nacional de Poblaci\u00f3n, Hogares y Viviendas es el operativo civil de mayor dimensi\u00f3n que lleva adelante un pa\u00eds y se realiza cada 10 a\u00f1os. En Argentina debi\u00f3 postergarse en 2020 con motivo de la pandemia, es por ello que se realizar\u00e1 en este 2022 y por primera vez en la historia de nuestro [&hellip;]<\/p>\n","protected":false},"author":4,"featured_media":105334,"comment_status":"closed","ping_status":"closed","sticky":false,"template":"","format":"standard","meta":{"om_disable_all_campaigns":false,"_jetpack_memberships_contains_paid_content":false,"footnotes":""},"categories":[50,101,2],"tags":[197,696,33,19],"class_list":["post-106935","post","type-post","status-publish","format-standard","has-post-thumbnail","hentry","category-destacadas","category-interes-general-locales","category-locales","tag-buenos-aires","tag-interes-general","tag-locales","tag-san-pedro"],"aioseo_notices":[],"gutentor_comment":0,"jetpack_featured_media_url":"https:\/\/eldiariodesanpedro.com.ar\/sitio\/wp-content\/uploads\/2022\/03\/Censo-Digital-1.jpg","jetpack_shortlink":"https:\/\/wp.me\/p6RhLt-rOL","jetpack_sharing_enabled":true,"_links":{"self":[{"href":"https:\/\/eldiariodesanpedro.com.ar\/sitio\/wp-json\/wp\/v2\/posts\/106935","targetHints":{"allow":["GET"]}}],"collection":[{"href":"https:\/\/eldiariodesanpedro.com.ar\/sitio\/wp-json\/wp\/v2\/posts"}],"about":[{"href":"https:\/\/eldiariodesanpedro.com.ar\/sitio\/wp-json\/wp\/v2\/types\/post"}],"author":[{"embeddable":true,"href":"https:\/\/eldiariodesanpedro.com.ar\/sitio\/wp-json\/wp\/v2\/users\/4"}],"replies":[{"embeddable":true,"href":"https:\/\/eldiariodesanpedro.com.ar\/sitio\/wp-json\/wp\/v2\/comments?post=106935"}],"version-history":[{"count":1,"href":"https:\/\/eldiariodesanpedro.com.ar\/sitio\/wp-json\/wp\/v2\/posts\/106935\/revisions"}],"predecessor-version":[{"id":106937,"href":"https:\/\/eldiariodesanpedro.com.ar\/sitio\/wp-json\/wp\/v2\/posts\/106935\/revisions\/106937"}],"wp:featuredmedia":[{"embeddable":true,"href":"https:\/\/eldiariodesanpedro.com.ar\/sitio\/wp-json\/wp\/v2\/media\/105334"}],"wp:attachment":[{"href":"https:\/\/eldiariodesanpedro.com.ar\/sitio\/wp-json\/wp\/v2\/media?parent=106935"}],"wp:term":[{"taxonomy":"category","embeddable":true,"href":"https:\/\/eldiariodesanpedro.com.ar\/sitio\/wp-json\/wp\/v2\/categories?post=106935"},{"taxonomy":"post_tag","embeddable":true,"href":"https:\/\/eldiariodesanpedro.com.ar\/sitio\/wp-json\/wp\/v2\/tags?post=106935"}],"curies":[{"name":"wp","href":"https:\/\/api.w.org\/{rel}","templated":true}]}}