{"id":106930,"date":"2022-05-12T10:28:17","date_gmt":"2022-05-12T13:28:17","guid":{"rendered":"https:\/\/eldiariodesanpedro.com.ar\/sitio\/?p=106930"},"modified":"2022-05-12T10:28:18","modified_gmt":"2022-05-12T13:28:18","slug":"recorrida-por-instituciones-educativas-por-parte-del-intendente-salazar","status":"publish","type":"post","link":"https:\/\/eldiariodesanpedro.com.ar\/sitio\/recorrida-por-instituciones-educativas-por-parte-del-intendente-salazar\/","title":{"rendered":"Recorrida por instituciones educativas por parte del intendente Salazar"},"content":{"rendered":"<!-- VideographyWP Plugin Message: Automatic video embedding prevented by plugin options. -->\n\n<p>El d\u00eda de ayer el Intendente Municipal Dr. Ram\u00f3n Salazar recorri\u00f3 algunas instituciones educativas de nuestro partido.<\/p>\n\n\n\n<p>En primera instancia, el Jefe Comunal junto al Secretario de Obras, Planeamiento y Catastro Javier Silva, visitaron el Jard\u00edn N\u00b0 915 de Bajo Tala donde fueron colocados juegos infantiles. En el lugar dialogaron con directivos y saludaron a los ni\u00f1os y ni\u00f1as que asisten a la instituci\u00f3n.<\/p>\n\n\n\n<p>En segundo t\u00e9rmino se realiz\u00f3 una recorrida por el Jard\u00edn N\u00b0 919 del barrio Banfield que se encuentra transitando la \u00faltima instancia de la obra. Se trabaja en la colocaci\u00f3n de puertas y detalles finales.<\/p>\n\n\n\n<p>Finalmente visitaron la Escuela N\u00b0 42 del Paraje Basso realizada a nueva y transitando los \u00faltimos detalles. Durante la recorrida se trabajaba en la colocaci\u00f3n de calefactores y se espera concluir los trabajos en el transcurso de la semana.<\/p>\n\n\n\n<figure class=\"wp-block-image size-full\"><img decoding=\"async\" width=\"945\" height=\"630\" data-attachment-id=\"106933\" data-permalink=\"https:\/\/eldiariodesanpedro.com.ar\/sitio\/recorrida-por-instituciones-educativas-por-parte-del-intendente-salazar\/whatsapp-image-2022-05-11-at-8-11-33-pm\/\" data-orig-file=\"https:\/\/eldiariodesanpedro.com.ar\/sitio\/wp-content\/uploads\/2022\/05\/WhatsApp-Image-2022-05-11-at-8.11.33-PM.jpeg\" data-orig-size=\"945,630\" data-comments-opened=\"0\" data-image-meta=\"{&quot;aperture&quot;:&quot;0&quot;,&quot;credit&quot;:&quot;&quot;,&quot;camera&quot;:&quot;&quot;,&quot;caption&quot;:&quot;&quot;,&quot;created_timestamp&quot;:&quot;0&quot;,&quot;copyright&quot;:&quot;&quot;,&quot;focal_length&quot;:&quot;0&quot;,&quot;iso&quot;:&quot;0&quot;,&quot;shutter_speed&quot;:&quot;0&quot;,&quot;title&quot;:&quot;&quot;,&quot;orientation&quot;:&quot;0&quot;}\" data-image-title=\"WhatsApp Image 2022-05-11 at 8.11.33 PM\" data-image-description=\"\" data-image-caption=\"\" data-large-file=\"https:\/\/eldiariodesanpedro.com.ar\/sitio\/wp-content\/uploads\/2022\/05\/WhatsApp-Image-2022-05-11-at-8.11.33-PM.jpeg\" data-src=\"https:\/\/eldiariodesanpedro.com.ar\/sitio\/wp-content\/uploads\/2022\/05\/WhatsApp-Image-2022-05-11-at-8.11.33-PM.jpeg\" alt=\"\" class=\"wp-image-106933 lazyload\" data-srcset=\"https:\/\/eldiariodesanpedro.com.ar\/sitio\/wp-content\/uploads\/2022\/05\/WhatsApp-Image-2022-05-11-at-8.11.33-PM.jpeg 945w, https:\/\/eldiariodesanpedro.com.ar\/sitio\/wp-content\/uploads\/2022\/05\/WhatsApp-Image-2022-05-11-at-8.11.33-PM-300x200.jpeg 300w, https:\/\/eldiariodesanpedro.com.ar\/sitio\/wp-content\/uploads\/2022\/05\/WhatsApp-Image-2022-05-11-at-8.11.33-PM-768x512.jpeg 768w\" data-sizes=\"(max-width: 945px) 100vw, 945px\" src=\"data:image\/svg+xml;base64,PHN2ZyB3aWR0aD0iMSIgaGVpZ2h0PSIxIiB4bWxucz0iaHR0cDovL3d3dy53My5vcmcvMjAwMC9zdmciPjwvc3ZnPg==\" style=\"--smush-placeholder-width: 945px; --smush-placeholder-aspect-ratio: 945\/630;\" \/><\/figure>\n\n\n\n<figure class=\"wp-block-image size-full\"><img decoding=\"async\" width=\"976\" height=\"630\" data-attachment-id=\"106932\" data-permalink=\"https:\/\/eldiariodesanpedro.com.ar\/sitio\/recorrida-por-instituciones-educativas-por-parte-del-intendente-salazar\/whatsapp-image-2022-05-11-at-8-11-32-pm\/\" data-orig-file=\"https:\/\/eldiariodesanpedro.com.ar\/sitio\/wp-content\/uploads\/2022\/05\/WhatsApp-Image-2022-05-11-at-8.11.32-PM.jpeg\" data-orig-size=\"976,630\" data-comments-opened=\"0\" data-image-meta=\"{&quot;aperture&quot;:&quot;0&quot;,&quot;credit&quot;:&quot;&quot;,&quot;camera&quot;:&quot;&quot;,&quot;caption&quot;:&quot;&quot;,&quot;created_timestamp&quot;:&quot;0&quot;,&quot;copyright&quot;:&quot;&quot;,&quot;focal_length&quot;:&quot;0&quot;,&quot;iso&quot;:&quot;0&quot;,&quot;shutter_speed&quot;:&quot;0&quot;,&quot;title&quot;:&quot;&quot;,&quot;orientation&quot;:&quot;0&quot;}\" data-image-title=\"WhatsApp Image 2022-05-11 at 8.11.32 PM\" data-image-description=\"\" data-image-caption=\"\" data-large-file=\"https:\/\/eldiariodesanpedro.com.ar\/sitio\/wp-content\/uploads\/2022\/05\/WhatsApp-Image-2022-05-11-at-8.11.32-PM.jpeg\" data-src=\"https:\/\/eldiariodesanpedro.com.ar\/sitio\/wp-content\/uploads\/2022\/05\/WhatsApp-Image-2022-05-11-at-8.11.32-PM.jpeg\" alt=\"\" class=\"wp-image-106932 lazyload\" data-srcset=\"https:\/\/eldiariodesanpedro.com.ar\/sitio\/wp-content\/uploads\/2022\/05\/WhatsApp-Image-2022-05-11-at-8.11.32-PM.jpeg 976w, https:\/\/eldiariodesanpedro.com.ar\/sitio\/wp-content\/uploads\/2022\/05\/WhatsApp-Image-2022-05-11-at-8.11.32-PM-300x194.jpeg 300w, https:\/\/eldiariodesanpedro.com.ar\/sitio\/wp-content\/uploads\/2022\/05\/WhatsApp-Image-2022-05-11-at-8.11.32-PM-768x496.jpeg 768w\" data-sizes=\"(max-width: 976px) 100vw, 976px\" src=\"data:image\/svg+xml;base64,PHN2ZyB3aWR0aD0iMSIgaGVpZ2h0PSIxIiB4bWxucz0iaHR0cDovL3d3dy53My5vcmcvMjAwMC9zdmciPjwvc3ZnPg==\" style=\"--smush-placeholder-width: 976px; --smush-placeholder-aspect-ratio: 976\/630;\" \/><\/figure>\n","protected":false},"excerpt":{"rendered":"<p>El d\u00eda de ayer el Intendente Municipal Dr. Ram\u00f3n Salazar recorri\u00f3 algunas instituciones educativas de nuestro partido. En primera instancia, el Jefe Comunal junto al Secretario de Obras, Planeamiento y Catastro Javier Silva, visitaron el Jard\u00edn N\u00b0 915 de Bajo Tala donde fueron colocados juegos infantiles. En el lugar dialogaron con directivos y saludaron a [&hellip;]<\/p>\n","protected":false},"author":4,"featured_media":106931,"comment_status":"closed","ping_status":"closed","sticky":false,"template":"","format":"standard","meta":{"om_disable_all_campaigns":false,"_jetpack_memberships_contains_paid_content":false,"footnotes":""},"categories":[50,101,2],"tags":[197,696,33,19],"class_list":["post-106930","post","type-post","status-publish","format-standard","has-post-thumbnail","hentry","category-destacadas","category-interes-general-locales","category-locales","tag-buenos-aires","tag-interes-general","tag-locales","tag-san-pedro"],"aioseo_notices":[],"gutentor_comment":0,"jetpack_featured_media_url":"https:\/\/eldiariodesanpedro.com.ar\/sitio\/wp-content\/uploads\/2022\/05\/WhatsApp-Image-2022-05-11-at-8.11.28-PM.jpeg","jetpack_shortlink":"https:\/\/wp.me\/p6RhLt-rOG","jetpack_sharing_enabled":true,"_links":{"self":[{"href":"https:\/\/eldiariodesanpedro.com.ar\/sitio\/wp-json\/wp\/v2\/posts\/106930","targetHints":{"allow":["GET"]}}],"collection":[{"href":"https:\/\/eldiariodesanpedro.com.ar\/sitio\/wp-json\/wp\/v2\/posts"}],"about":[{"href":"https:\/\/eldiariodesanpedro.com.ar\/sitio\/wp-json\/wp\/v2\/types\/post"}],"author":[{"embeddable":true,"href":"https:\/\/eldiariodesanpedro.com.ar\/sitio\/wp-json\/wp\/v2\/users\/4"}],"replies":[{"embeddable":true,"href":"https:\/\/eldiariodesanpedro.com.ar\/sitio\/wp-json\/wp\/v2\/comments?post=106930"}],"version-history":[{"count":1,"href":"https:\/\/eldiariodesanpedro.com.ar\/sitio\/wp-json\/wp\/v2\/posts\/106930\/revisions"}],"predecessor-version":[{"id":106934,"href":"https:\/\/eldiariodesanpedro.com.ar\/sitio\/wp-json\/wp\/v2\/posts\/106930\/revisions\/106934"}],"wp:featuredmedia":[{"embeddable":true,"href":"https:\/\/eldiariodesanpedro.com.ar\/sitio\/wp-json\/wp\/v2\/media\/106931"}],"wp:attachment":[{"href":"https:\/\/eldiariodesanpedro.com.ar\/sitio\/wp-json\/wp\/v2\/media?parent=106930"}],"wp:term":[{"taxonomy":"category","embeddable":true,"href":"https:\/\/eldiariodesanpedro.com.ar\/sitio\/wp-json\/wp\/v2\/categories?post=106930"},{"taxonomy":"post_tag","embeddable":true,"href":"https:\/\/eldiariodesanpedro.com.ar\/sitio\/wp-json\/wp\/v2\/tags?post=106930"}],"curies":[{"name":"wp","href":"https:\/\/api.w.org\/{rel}","templated":true}]}}