{"id":106921,"date":"2022-05-12T09:21:01","date_gmt":"2022-05-12T12:21:01","guid":{"rendered":"https:\/\/eldiariodesanpedro.com.ar\/sitio\/?p=106921"},"modified":"2022-05-12T09:21:02","modified_gmt":"2022-05-12T12:21:02","slug":"se-secuestraron-de-los-piratas-del-asfalto-estupefacientes-armas-inhibidores-de-senal-picanas-entre-otras-cosas","status":"publish","type":"post","link":"https:\/\/eldiariodesanpedro.com.ar\/sitio\/se-secuestraron-de-los-piratas-del-asfalto-estupefacientes-armas-inhibidores-de-senal-picanas-entre-otras-cosas\/","title":{"rendered":"Se secuestraron de los piratas del asfalto estupefacientes, armas, inhibidores de se\u00f1al, picanas entre otras cosas"},"content":{"rendered":"<!-- VideographyWP Plugin Message: Automatic video embedding prevented by plugin options. -->\n\n<p>Este mi\u00e9rcoles en horas de la ma\u00f1ana en Ruta N\u00b0 9 km 152 carril Buenos Aires Rosario la polic\u00eda vial intercepta a un veh\u00edculo marca Chevrolet Onix, en el que viajaban 3 ciudadanos&nbsp; que luego fueron aprehendidos el chofer fue trasladado hospital local luego de colisionar contra una camioneta y luego un \u00e1rbol en la ruta 191 tras una larga persecuci\u00f3n sufriendo&nbsp; fractura costilla y contusiones.<\/p>\n\n\n\n<p>El hecho dio inicio cuando al ser requisados en operativo emprenden fuga en veh\u00edculo en cuesti\u00f3n, siendo dos ocupantes aprehendidos en Ruta 191 y 9 cuando se bajaron del autom\u00f3vil,&nbsp; el veh\u00edculo y su chofer continu\u00f3 la fuga sentido San Pedro por 191&nbsp; colisionando contra un \u00e1rbol.&nbsp;<\/p>\n\n\n\n<p>Tras el operativo la polic\u00eda vial secuestr\u00f3 la suma de siete tel\u00e9fonos celulares; un arma de fuego trat\u00e1ndose de pistola marca Taurus Calibre 45 serie 88817 con munici\u00f3n en recamara y 7 en cargador la cual posee pedido de secuestro activo en una car\u00e1tula de robo, un arma blanca tipo cuchillo;&nbsp; una picana el\u00e9ctrica; tres handys; un inhibidor satelital de los que com\u00fanmente son utilizados en hechos de Pirater\u00eda del Asfalto; 35 grs. picadura de marihuana; un binocular; una baliza azul tipo chich\u00f3n de polic\u00eda; un gas pimienta; cintas de embalar;&nbsp; un GPS; cuatro chapas patentes ap\u00f3crifas.&nbsp;<\/p>\n\n\n\n<p>Respecto al veh\u00edculo en que se movilizaban los malvivientes hasta el momento no posee ning\u00fan impedimento. Asimismo se deja constancia que en el lugar donde se produjo la colisi\u00f3n se procedi\u00f3 a la incautacion de una billetera de color marr\u00f3n conteniendo 4 c\u00e9dulas de identificaci\u00f3n de varios veh\u00edculos como as\u00ed tambi\u00e9n un envoltorio conteniendo una sustancia blanca correspondiendo a Clorhidrato de Cocaina arrojando un guarismo de 0,93 grs.&nbsp;<\/p>\n\n\n\n<p>Interviene UFI 5 Dr. Manso\u00a0 San Pedro; instruye Destacamento Vial San Pedro; se deja constancia que los tres malvivientes poseer\u00e1n sendos antecedentes carcelarios.<\/p>\n\n\n\n<figure class=\"wp-block-image size-full\"><img decoding=\"async\" width=\"682\" height=\"630\" data-attachment-id=\"106922\" data-permalink=\"https:\/\/eldiariodesanpedro.com.ar\/sitio\/se-secuestraron-de-los-piratas-del-asfalto-estupefacientes-armas-inhibidores-de-senal-picanas-entre-otras-cosas\/whatsapp-image-2022-05-11-at-6-50-32-pm\/\" data-orig-file=\"https:\/\/eldiariodesanpedro.com.ar\/sitio\/wp-content\/uploads\/2022\/05\/WhatsApp-Image-2022-05-11-at-6.50.32-PM.jpeg\" data-orig-size=\"682,630\" data-comments-opened=\"0\" data-image-meta=\"{&quot;aperture&quot;:&quot;0&quot;,&quot;credit&quot;:&quot;&quot;,&quot;camera&quot;:&quot;&quot;,&quot;caption&quot;:&quot;&quot;,&quot;created_timestamp&quot;:&quot;0&quot;,&quot;copyright&quot;:&quot;&quot;,&quot;focal_length&quot;:&quot;0&quot;,&quot;iso&quot;:&quot;0&quot;,&quot;shutter_speed&quot;:&quot;0&quot;,&quot;title&quot;:&quot;&quot;,&quot;orientation&quot;:&quot;0&quot;}\" data-image-title=\"WhatsApp Image 2022-05-11 at 6.50.32 PM\" data-image-description=\"\" data-image-caption=\"\" data-large-file=\"https:\/\/eldiariodesanpedro.com.ar\/sitio\/wp-content\/uploads\/2022\/05\/WhatsApp-Image-2022-05-11-at-6.50.32-PM.jpeg\" data-src=\"https:\/\/eldiariodesanpedro.com.ar\/sitio\/wp-content\/uploads\/2022\/05\/WhatsApp-Image-2022-05-11-at-6.50.32-PM.jpeg\" alt=\"\" class=\"wp-image-106922 lazyload\" data-srcset=\"https:\/\/eldiariodesanpedro.com.ar\/sitio\/wp-content\/uploads\/2022\/05\/WhatsApp-Image-2022-05-11-at-6.50.32-PM.jpeg 682w, https:\/\/eldiariodesanpedro.com.ar\/sitio\/wp-content\/uploads\/2022\/05\/WhatsApp-Image-2022-05-11-at-6.50.32-PM-300x277.jpeg 300w\" data-sizes=\"(max-width: 682px) 100vw, 682px\" src=\"data:image\/svg+xml;base64,PHN2ZyB3aWR0aD0iMSIgaGVpZ2h0PSIxIiB4bWxucz0iaHR0cDovL3d3dy53My5vcmcvMjAwMC9zdmciPjwvc3ZnPg==\" style=\"--smush-placeholder-width: 682px; --smush-placeholder-aspect-ratio: 682\/630;\" \/><\/figure>\n\n\n\n<figure class=\"wp-block-image size-full\"><img decoding=\"async\" width=\"473\" height=\"630\" data-attachment-id=\"106924\" data-permalink=\"https:\/\/eldiariodesanpedro.com.ar\/sitio\/se-secuestraron-de-los-piratas-del-asfalto-estupefacientes-armas-inhibidores-de-senal-picanas-entre-otras-cosas\/whatsapp-image-2022-05-11-at-6-50-34-pm-1\/\" data-orig-file=\"https:\/\/eldiariodesanpedro.com.ar\/sitio\/wp-content\/uploads\/2022\/05\/WhatsApp-Image-2022-05-11-at-6.50.34-PM-1.jpeg\" data-orig-size=\"473,630\" data-comments-opened=\"0\" data-image-meta=\"{&quot;aperture&quot;:&quot;0&quot;,&quot;credit&quot;:&quot;&quot;,&quot;camera&quot;:&quot;&quot;,&quot;caption&quot;:&quot;&quot;,&quot;created_timestamp&quot;:&quot;0&quot;,&quot;copyright&quot;:&quot;&quot;,&quot;focal_length&quot;:&quot;0&quot;,&quot;iso&quot;:&quot;0&quot;,&quot;shutter_speed&quot;:&quot;0&quot;,&quot;title&quot;:&quot;&quot;,&quot;orientation&quot;:&quot;0&quot;}\" data-image-title=\"WhatsApp Image 2022-05-11 at 6.50.34 PM (1)\" data-image-description=\"\" data-image-caption=\"\" data-large-file=\"https:\/\/eldiariodesanpedro.com.ar\/sitio\/wp-content\/uploads\/2022\/05\/WhatsApp-Image-2022-05-11-at-6.50.34-PM-1.jpeg\" data-src=\"https:\/\/eldiariodesanpedro.com.ar\/sitio\/wp-content\/uploads\/2022\/05\/WhatsApp-Image-2022-05-11-at-6.50.34-PM-1.jpeg\" alt=\"\" class=\"wp-image-106924 lazyload\" data-srcset=\"https:\/\/eldiariodesanpedro.com.ar\/sitio\/wp-content\/uploads\/2022\/05\/WhatsApp-Image-2022-05-11-at-6.50.34-PM-1.jpeg 473w, https:\/\/eldiariodesanpedro.com.ar\/sitio\/wp-content\/uploads\/2022\/05\/WhatsApp-Image-2022-05-11-at-6.50.34-PM-1-225x300.jpeg 225w\" data-sizes=\"(max-width: 473px) 100vw, 473px\" src=\"data:image\/svg+xml;base64,PHN2ZyB3aWR0aD0iMSIgaGVpZ2h0PSIxIiB4bWxucz0iaHR0cDovL3d3dy53My5vcmcvMjAwMC9zdmciPjwvc3ZnPg==\" style=\"--smush-placeholder-width: 473px; --smush-placeholder-aspect-ratio: 473\/630;\" \/><\/figure>\n\n\n\n<figure class=\"wp-block-image size-full\"><img decoding=\"async\" width=\"473\" height=\"630\" data-attachment-id=\"106925\" data-permalink=\"https:\/\/eldiariodesanpedro.com.ar\/sitio\/se-secuestraron-de-los-piratas-del-asfalto-estupefacientes-armas-inhibidores-de-senal-picanas-entre-otras-cosas\/whatsapp-image-2022-05-11-at-6-50-34-pm\/\" data-orig-file=\"https:\/\/eldiariodesanpedro.com.ar\/sitio\/wp-content\/uploads\/2022\/05\/WhatsApp-Image-2022-05-11-at-6.50.34-PM.jpeg\" data-orig-size=\"473,630\" data-comments-opened=\"0\" data-image-meta=\"{&quot;aperture&quot;:&quot;0&quot;,&quot;credit&quot;:&quot;&quot;,&quot;camera&quot;:&quot;&quot;,&quot;caption&quot;:&quot;&quot;,&quot;created_timestamp&quot;:&quot;0&quot;,&quot;copyright&quot;:&quot;&quot;,&quot;focal_length&quot;:&quot;0&quot;,&quot;iso&quot;:&quot;0&quot;,&quot;shutter_speed&quot;:&quot;0&quot;,&quot;title&quot;:&quot;&quot;,&quot;orientation&quot;:&quot;0&quot;}\" data-image-title=\"WhatsApp Image 2022-05-11 at 6.50.34 PM\" data-image-description=\"\" data-image-caption=\"\" data-large-file=\"https:\/\/eldiariodesanpedro.com.ar\/sitio\/wp-content\/uploads\/2022\/05\/WhatsApp-Image-2022-05-11-at-6.50.34-PM.jpeg\" data-src=\"https:\/\/eldiariodesanpedro.com.ar\/sitio\/wp-content\/uploads\/2022\/05\/WhatsApp-Image-2022-05-11-at-6.50.34-PM.jpeg\" alt=\"\" class=\"wp-image-106925 lazyload\" data-srcset=\"https:\/\/eldiariodesanpedro.com.ar\/sitio\/wp-content\/uploads\/2022\/05\/WhatsApp-Image-2022-05-11-at-6.50.34-PM.jpeg 473w, https:\/\/eldiariodesanpedro.com.ar\/sitio\/wp-content\/uploads\/2022\/05\/WhatsApp-Image-2022-05-11-at-6.50.34-PM-225x300.jpeg 225w\" data-sizes=\"(max-width: 473px) 100vw, 473px\" src=\"data:image\/svg+xml;base64,PHN2ZyB3aWR0aD0iMSIgaGVpZ2h0PSIxIiB4bWxucz0iaHR0cDovL3d3dy53My5vcmcvMjAwMC9zdmciPjwvc3ZnPg==\" style=\"--smush-placeholder-width: 473px; --smush-placeholder-aspect-ratio: 473\/630;\" \/><\/figure>\n","protected":false},"excerpt":{"rendered":"<p>Este mi\u00e9rcoles en horas de la ma\u00f1ana en Ruta N\u00b0 9 km 152 carril Buenos Aires Rosario la polic\u00eda vial intercepta a un veh\u00edculo marca Chevrolet Onix, en el que viajaban 3 ciudadanos&nbsp; que luego fueron aprehendidos el chofer fue trasladado hospital local luego de colisionar contra una camioneta y luego un \u00e1rbol en la [&hellip;]<\/p>\n","protected":false},"author":4,"featured_media":106923,"comment_status":"closed","ping_status":"closed","sticky":false,"template":"","format":"standard","meta":{"om_disable_all_campaigns":false,"_jetpack_memberships_contains_paid_content":false,"footnotes":""},"categories":[50,2,103],"tags":[197,33,95,19],"class_list":["post-106921","post","type-post","status-publish","format-standard","has-post-thumbnail","hentry","category-destacadas","category-locales","category-policiales-locales","tag-buenos-aires","tag-locales","tag-policiales","tag-san-pedro"],"aioseo_notices":[],"gutentor_comment":0,"jetpack_featured_media_url":"https:\/\/eldiariodesanpedro.com.ar\/sitio\/wp-content\/uploads\/2022\/05\/WhatsApp-Image-2022-05-11-at-6.50.33-PM.jpeg","jetpack_shortlink":"https:\/\/wp.me\/p6RhLt-rOx","jetpack_sharing_enabled":true,"_links":{"self":[{"href":"https:\/\/eldiariodesanpedro.com.ar\/sitio\/wp-json\/wp\/v2\/posts\/106921","targetHints":{"allow":["GET"]}}],"collection":[{"href":"https:\/\/eldiariodesanpedro.com.ar\/sitio\/wp-json\/wp\/v2\/posts"}],"about":[{"href":"https:\/\/eldiariodesanpedro.com.ar\/sitio\/wp-json\/wp\/v2\/types\/post"}],"author":[{"embeddable":true,"href":"https:\/\/eldiariodesanpedro.com.ar\/sitio\/wp-json\/wp\/v2\/users\/4"}],"replies":[{"embeddable":true,"href":"https:\/\/eldiariodesanpedro.com.ar\/sitio\/wp-json\/wp\/v2\/comments?post=106921"}],"version-history":[{"count":1,"href":"https:\/\/eldiariodesanpedro.com.ar\/sitio\/wp-json\/wp\/v2\/posts\/106921\/revisions"}],"predecessor-version":[{"id":106926,"href":"https:\/\/eldiariodesanpedro.com.ar\/sitio\/wp-json\/wp\/v2\/posts\/106921\/revisions\/106926"}],"wp:featuredmedia":[{"embeddable":true,"href":"https:\/\/eldiariodesanpedro.com.ar\/sitio\/wp-json\/wp\/v2\/media\/106923"}],"wp:attachment":[{"href":"https:\/\/eldiariodesanpedro.com.ar\/sitio\/wp-json\/wp\/v2\/media?parent=106921"}],"wp:term":[{"taxonomy":"category","embeddable":true,"href":"https:\/\/eldiariodesanpedro.com.ar\/sitio\/wp-json\/wp\/v2\/categories?post=106921"},{"taxonomy":"post_tag","embeddable":true,"href":"https:\/\/eldiariodesanpedro.com.ar\/sitio\/wp-json\/wp\/v2\/tags?post=106921"}],"curies":[{"name":"wp","href":"https:\/\/api.w.org\/{rel}","templated":true}]}}