{"id":10692,"date":"2016-11-25T18:40:45","date_gmt":"2016-11-25T21:40:45","guid":{"rendered":"https:\/\/eldiariodesanpedro.com.ar\/sitio\/?p=10692"},"modified":"2016-11-25T18:40:45","modified_gmt":"2016-11-25T21:40:45","slug":"fueron-reconocidas-por-el-hcd-las-ganadoras-de-los-torneos-bonaerenses-en-la-disciplina-teatro","status":"publish","type":"post","link":"https:\/\/eldiariodesanpedro.com.ar\/sitio\/fueron-reconocidas-por-el-hcd-las-ganadoras-de-los-torneos-bonaerenses-en-la-disciplina-teatro\/","title":{"rendered":"Fueron reconocidas por el HCD las ganadoras de los Torneos Bonaerenses en la disciplina Teatro"},"content":{"rendered":"<p><!-- VideographyWP Plugin Message: Automatic video embedding prevented by plugin options. --><br \/>\nEn la sesi\u00f3n desarrollada el jueves, las j\u00f3venes que obtuvieron la medalla de oro en los Juegos Buenos Aires la Provincia, y que luego participaron de los Juegos Evita, han sido destacadas por su participaci\u00f3n en ambos eventos. El Concejo en pleno las aplaudi\u00f3 y les hicieron entrega de presentes.<\/p>\n<p>Mediante una iniciativa presentada por la concejala Florencia S\u00e1nchez y acompa\u00f1ada por todo el cuerpo deliberativo, fueron distinguidas Grisel Ambrogi y Melina Duzac, como alumnas destacadas, en el marco del \u00abR\u00e9gimen de Honores del Partido de San Pedro\u00bb, reconocidas \u00abpor su excelente participaci\u00f3n en los Juegos Bonaerenses 2016 \u00e1rea Cultura, disciplina Teatro\u00bb.<\/p>\n<p>Melina Duzac, que concurre al grupo de Teatro Wojtyla, bajo la direcci\u00f3n de Marina Seery, y Grisel Ambrogi, de Sala Cuarta Pared que dirige Santiago Gonz\u00e1lez, representaron a San Pedro con la obra \u00abDos Mujeres\u00bb, bajo la direcci\u00f3n de este \u00faltimo, y con ella llegaron a la instancia final, obteniendo la presea dorada. Luego participaron de los Juegos Evita, donde se re\u00fanen los ganadores de todas las provincias del pa\u00eds. All\u00ed, los responsables del \u00e1rea Cultura de \u00abestos Juegos Nacionales destacaron su interpretaci\u00f3n entre todos los presentes\u00bb.<\/p>\n<p>La concejal M\u00f3nica Otero que presidi\u00f3 la sesi\u00f3n, en reemplazo de Mario Barbieri, en uso de licencia invit\u00f3 a los directores de Cultura, Mar\u00eda Jos\u00e9 Mora, y de Deportes, Fernando Bennazar, y tambi\u00e9n familiares de las j\u00f3venes distinguidas para que las acompa\u00f1en.<\/p>\n","protected":false},"excerpt":{"rendered":"<p>En la sesi\u00f3n desarrollada el jueves, las j\u00f3venes que obtuvieron la medalla de oro en los Juegos Buenos Aires la Provincia, y que luego participaron de los Juegos Evita, han sido destacadas por su participaci\u00f3n en ambos eventos. El Concejo en pleno las aplaudi\u00f3 y les hicieron entrega de presentes. Mediante una iniciativa presentada por [&hellip;]<\/p>\n","protected":false},"author":4,"featured_media":10693,"comment_status":"open","ping_status":"closed","sticky":false,"template":"","format":"standard","meta":{"om_disable_all_campaigns":false,"_jetpack_memberships_contains_paid_content":false,"footnotes":""},"categories":[101,2],"tags":[],"class_list":["post-10692","post","type-post","status-publish","format-standard","has-post-thumbnail","hentry","category-interes-general-locales","category-locales"],"aioseo_notices":[],"gutentor_comment":0,"jetpack_featured_media_url":"https:\/\/eldiariodesanpedro.com.ar\/sitio\/wp-content\/uploads\/2016\/11\/PAGINA-4-11.jpg","jetpack_shortlink":"https:\/\/wp.me\/p6RhLt-2Ms","jetpack_sharing_enabled":true,"_links":{"self":[{"href":"https:\/\/eldiariodesanpedro.com.ar\/sitio\/wp-json\/wp\/v2\/posts\/10692","targetHints":{"allow":["GET"]}}],"collection":[{"href":"https:\/\/eldiariodesanpedro.com.ar\/sitio\/wp-json\/wp\/v2\/posts"}],"about":[{"href":"https:\/\/eldiariodesanpedro.com.ar\/sitio\/wp-json\/wp\/v2\/types\/post"}],"author":[{"embeddable":true,"href":"https:\/\/eldiariodesanpedro.com.ar\/sitio\/wp-json\/wp\/v2\/users\/4"}],"replies":[{"embeddable":true,"href":"https:\/\/eldiariodesanpedro.com.ar\/sitio\/wp-json\/wp\/v2\/comments?post=10692"}],"version-history":[{"count":1,"href":"https:\/\/eldiariodesanpedro.com.ar\/sitio\/wp-json\/wp\/v2\/posts\/10692\/revisions"}],"predecessor-version":[{"id":10694,"href":"https:\/\/eldiariodesanpedro.com.ar\/sitio\/wp-json\/wp\/v2\/posts\/10692\/revisions\/10694"}],"wp:featuredmedia":[{"embeddable":true,"href":"https:\/\/eldiariodesanpedro.com.ar\/sitio\/wp-json\/wp\/v2\/media\/10693"}],"wp:attachment":[{"href":"https:\/\/eldiariodesanpedro.com.ar\/sitio\/wp-json\/wp\/v2\/media?parent=10692"}],"wp:term":[{"taxonomy":"category","embeddable":true,"href":"https:\/\/eldiariodesanpedro.com.ar\/sitio\/wp-json\/wp\/v2\/categories?post=10692"},{"taxonomy":"post_tag","embeddable":true,"href":"https:\/\/eldiariodesanpedro.com.ar\/sitio\/wp-json\/wp\/v2\/tags?post=10692"}],"curies":[{"name":"wp","href":"https:\/\/api.w.org\/{rel}","templated":true}]}}