{"id":106913,"date":"2022-05-11T12:00:00","date_gmt":"2022-05-11T15:00:00","guid":{"rendered":"https:\/\/eldiariodesanpedro.com.ar\/sitio\/?p=106913"},"modified":"2022-05-11T22:52:15","modified_gmt":"2022-05-12T01:52:15","slug":"106913-2","status":"publish","type":"post","link":"https:\/\/eldiariodesanpedro.com.ar\/sitio\/106913-2\/","title":{"rendered":""},"content":{"rendered":"<!-- VideographyWP Plugin Message: Automatic video embedding prevented by plugin options. -->\n\n<h3 class=\"has-text-align-center wp-block-heading\">CONVOCATORIA 2022<\/h3>\n\n\n\n<p>Conforme a lo dispuesto por el Art. 32\u00ba de los Estatutos Sociales, se convoca a los se\u00f1ores y se\u00f1oras socios activos y vitalicios del CLUB NAUTICO SAN PEDRO, a la ASAMBLEA GENERAL ORDINARIA de su 115\u00ba Ejercicio, a realizarse en la Sede Social ubicada en las calles Avda. Juan de Garay y Rivadavia de la Ciudad de San Pedro, el d\u00eda Jueves 26 de mayo de 2022 a las 20:00 horas para tratar el siguiente:<\/p>\n\n\n\n<h3 class=\"has-text-align-center wp-block-heading\"><strong><u>ORDEN DEL DIA<\/u><\/strong><\/h3>\n\n\n\n<p>1) Designaci\u00f3n de dos (2) asociados para firmar el Acta de la Asamblea.<\/p>\n\n\n\n<p>2) Consideraci\u00f3n y aprobaci\u00f3n de la Memoria, del Estado de Situaci\u00f3n Patrimonial, Estado de Recursos y Gastos, Estados Complementarios, Anexos, Notas, Informe de la Comisi\u00f3n Revisora de Cuentas y del Auditor Externo del 115\u00ba Ejercicio, comprendido entre el 1\u00ba de Abril de 2021 y el 31 de Marzo de 2022.<\/p>\n\n\n\n<p>3) Fijaci\u00f3n de las cuotas sociales y de ingreso a las distintas categor\u00edas, de acuerdo con lo establecido en el Estatuto Social.<\/p>\n\n\n\n<p>4) Elecci\u00f3n por dos (2) a\u00f1os, por terminaci\u00f3n de mandato de COMODORO en reemplazo de MARCOS PEDRO NOIZEUX ARANA. Por terminaci\u00f3n de mandato de SECRETARIO en reemplazo de DARIO RUBEN LOPEZ. Por terminaci\u00f3n de mandato de TESORERO en reemplazo de ESTEBAN MAXIMILIANO GRECO MARTINEZ. Por terminaci\u00f3n de mandato y renuncia de VOCAL TITULAR 2\u00ba (Sub capitana) en reemplazo de VIOLETA KURLAT. Por terminaci\u00f3n de mandato de VOCAL TITULAR 3\u00ba en reemplazo de MATIAS RAFAEL CHAVES y por terminaci\u00f3n de mandato de VOCAL TITULAR 4\u00ba en reemplazo de JUAN IGNACIO PODESTA.<\/p>\n\n\n\n<p>Elecci\u00f3n por un (1) a\u00f1o, por renuncia de PROTESORERO en reemplazo de PATRICIO OLIVERA MARTINEZ. Por terminaci\u00f3n de mandato de tres VOCALES SUPLENTES, en reemplazo de CARLOS ALBERTO CODERN, JAVIER HERNAN VARELA y JUAN AUGUSTO BALLADORI. Por terminaci\u00f3n de mandato de tres REVISORES DE CUENTAS en reemplazo de JUAN CRUZ BIAIN, JUAN MATIAS ALCORTA e IVAN ZARZECKI.<\/p>\n\n\n\n<p>Se deja constancia que en caso de existir m\u00e1s de una lista oficializada, el acto eleccionario se llevar\u00e1 a cabo el d\u00eda s\u00e1bado 28 de mayo en el horario de 10 a 18 horas.<\/p>\n\n\n\n<p>Las listas de candidatos deber\u00e1n ser presentadas ante la Comisi\u00f3n Directiva hasta las 24 horas del d\u00eda s\u00e1bado 21 de mayo de 2022, en la Secretar\u00eda de la Sede Social o en su defecto en la Porter\u00eda Principal.<\/p>\n\n\n\n<p><strong>Dar\u00edo Rub\u00e9n L\u00f3pez &#8211; Secretario <br>Marcos Pedro Noizeux Arana &#8211; Comodoro<\/strong><\/p>\n\n\n\n<p>ART. 35\u00ba) Las Asambleas se celebrar\u00e1n v\u00e1lidamente con la presencia de la mitad m\u00e1s uno de los Socios con derecho a voto. Una hora despu\u00e9s de la fijada, si antes no se hubiere conseguido ese n\u00famero, se reunir\u00e1 legalmente constituida con el n\u00famero de socios presentes,&nbsp; siempre que no fuera inferior al total de los miembros de la Comisi\u00f3n Directiva.<\/p>\n","protected":false},"excerpt":{"rendered":"<p>CONVOCATORIA 2022 Conforme a lo dispuesto por el Art. 32\u00ba de los Estatutos Sociales, se convoca a los se\u00f1ores y se\u00f1oras socios activos y vitalicios del CLUB NAUTICO SAN PEDRO, a la ASAMBLEA GENERAL ORDINARIA de su 115\u00ba Ejercicio, a realizarse en la Sede Social ubicada en las calles Avda. Juan de Garay y Rivadavia [&hellip;]<\/p>\n","protected":false},"author":4,"featured_media":106914,"comment_status":"closed","ping_status":"closed","sticky":false,"template":"","format":"standard","meta":{"om_disable_all_campaigns":false,"_jetpack_memberships_contains_paid_content":false,"footnotes":""},"categories":[678,676],"tags":[197,33,19],"class_list":["post-106913","post","type-post","status-publish","format-standard","has-post-thumbnail","hentry","category-convocatorias","category-edictos","tag-buenos-aires","tag-locales","tag-san-pedro"],"aioseo_notices":[],"gutentor_comment":0,"jetpack_featured_media_url":"https:\/\/eldiariodesanpedro.com.ar\/sitio\/wp-content\/uploads\/2022\/05\/Club-nautico-San-Pedro-Mayo-2022.jpg","jetpack_shortlink":"https:\/\/wp.me\/p6RhLt-rOp","jetpack_sharing_enabled":true,"_links":{"self":[{"href":"https:\/\/eldiariodesanpedro.com.ar\/sitio\/wp-json\/wp\/v2\/posts\/106913","targetHints":{"allow":["GET"]}}],"collection":[{"href":"https:\/\/eldiariodesanpedro.com.ar\/sitio\/wp-json\/wp\/v2\/posts"}],"about":[{"href":"https:\/\/eldiariodesanpedro.com.ar\/sitio\/wp-json\/wp\/v2\/types\/post"}],"author":[{"embeddable":true,"href":"https:\/\/eldiariodesanpedro.com.ar\/sitio\/wp-json\/wp\/v2\/users\/4"}],"replies":[{"embeddable":true,"href":"https:\/\/eldiariodesanpedro.com.ar\/sitio\/wp-json\/wp\/v2\/comments?post=106913"}],"version-history":[{"count":1,"href":"https:\/\/eldiariodesanpedro.com.ar\/sitio\/wp-json\/wp\/v2\/posts\/106913\/revisions"}],"predecessor-version":[{"id":106915,"href":"https:\/\/eldiariodesanpedro.com.ar\/sitio\/wp-json\/wp\/v2\/posts\/106913\/revisions\/106915"}],"wp:featuredmedia":[{"embeddable":true,"href":"https:\/\/eldiariodesanpedro.com.ar\/sitio\/wp-json\/wp\/v2\/media\/106914"}],"wp:attachment":[{"href":"https:\/\/eldiariodesanpedro.com.ar\/sitio\/wp-json\/wp\/v2\/media?parent=106913"}],"wp:term":[{"taxonomy":"category","embeddable":true,"href":"https:\/\/eldiariodesanpedro.com.ar\/sitio\/wp-json\/wp\/v2\/categories?post=106913"},{"taxonomy":"post_tag","embeddable":true,"href":"https:\/\/eldiariodesanpedro.com.ar\/sitio\/wp-json\/wp\/v2\/tags?post=106913"}],"curies":[{"name":"wp","href":"https:\/\/api.w.org\/{rel}","templated":true}]}}