{"id":106890,"date":"2022-05-11T14:37:02","date_gmt":"2022-05-11T17:37:02","guid":{"rendered":"https:\/\/eldiariodesanpedro.com.ar\/sitio\/?p=106890"},"modified":"2022-05-11T14:38:28","modified_gmt":"2022-05-11T17:38:28","slug":"dos-accidentes-de-transitos-ocurrieron-este-martes-en-nuestra-ciudad","status":"publish","type":"post","link":"https:\/\/eldiariodesanpedro.com.ar\/sitio\/dos-accidentes-de-transitos-ocurrieron-este-martes-en-nuestra-ciudad\/","title":{"rendered":"Dos accidentes de tr\u00e1nsitos ocurrieron este martes en nuestra ciudad"},"content":{"rendered":"<!-- VideographyWP Plugin Message: Automatic video embedding prevented by plugin options. -->\n\n<p>Como casi todos los d\u00edas, este martes en nuestra ciudad ocurrieron dos siniestros viales en los que afortunadamente no hubo heridos de gravedad.<br>Este martes en horas de la la ma\u00f1ana alrededor de las 08 horas, el personal policial acude a la calle Juan B. Justo y Salta, lugar donde por razones que se tratan de establecer colision\u00f3 una motocicleta 110cc conducida por un masculino de 31 a\u00f1os de edad y un autom\u00f3vil conducido por una femenina de 26 a\u00f1os de edad.<br>Como resultado el conductor del veh\u00edculo menor porte fue trasladado al nosocomio local, constatando lesiones de car\u00e1cter leves.<br>En segundo lugar siendo las 11:30 horas, por razones se tratan de establecer en calle 9 de Julio entre Mitre y Pellegrini, colision\u00f3 un autom\u00f3vil guiado por una persona de sexo masculino de 31 a\u00f1os de edad, con una motocicleta 110 CC guiada por una persona de sexo masculino de 46 a\u00f1os de edad.<br>Como resultado el conductor de la motocicleta fue trasladado al nosocomio local, con lesiones de car\u00e1cter leves. Conductor de autom\u00f3vil ileso.<\/p>\n\n\n\n<figure class=\"wp-block-image size-full\"><img decoding=\"async\" width=\"284\" height=\"630\" data-attachment-id=\"106892\" data-permalink=\"https:\/\/eldiariodesanpedro.com.ar\/sitio\/dos-accidentes-de-transitos-ocurrieron-este-martes-en-nuestra-ciudad\/whatsapp-image-2022-05-11-at-9-56-56-am\/\" data-orig-file=\"https:\/\/eldiariodesanpedro.com.ar\/sitio\/wp-content\/uploads\/2022\/05\/WhatsApp-Image-2022-05-11-at-9.56.56-AM.jpeg\" data-orig-size=\"284,630\" data-comments-opened=\"0\" data-image-meta=\"{&quot;aperture&quot;:&quot;0&quot;,&quot;credit&quot;:&quot;&quot;,&quot;camera&quot;:&quot;&quot;,&quot;caption&quot;:&quot;&quot;,&quot;created_timestamp&quot;:&quot;0&quot;,&quot;copyright&quot;:&quot;&quot;,&quot;focal_length&quot;:&quot;0&quot;,&quot;iso&quot;:&quot;0&quot;,&quot;shutter_speed&quot;:&quot;0&quot;,&quot;title&quot;:&quot;&quot;,&quot;orientation&quot;:&quot;0&quot;}\" data-image-title=\"WhatsApp Image 2022-05-11 at 9.56.56 AM\" data-image-description=\"\" data-image-caption=\"\" data-large-file=\"https:\/\/eldiariodesanpedro.com.ar\/sitio\/wp-content\/uploads\/2022\/05\/WhatsApp-Image-2022-05-11-at-9.56.56-AM.jpeg\" data-src=\"https:\/\/eldiariodesanpedro.com.ar\/sitio\/wp-content\/uploads\/2022\/05\/WhatsApp-Image-2022-05-11-at-9.56.56-AM.jpeg\" alt=\"\" class=\"wp-image-106892 lazyload\" data-srcset=\"https:\/\/eldiariodesanpedro.com.ar\/sitio\/wp-content\/uploads\/2022\/05\/WhatsApp-Image-2022-05-11-at-9.56.56-AM.jpeg 284w, https:\/\/eldiariodesanpedro.com.ar\/sitio\/wp-content\/uploads\/2022\/05\/WhatsApp-Image-2022-05-11-at-9.56.56-AM-135x300.jpeg 135w\" data-sizes=\"(max-width: 284px) 100vw, 284px\" src=\"data:image\/svg+xml;base64,PHN2ZyB3aWR0aD0iMSIgaGVpZ2h0PSIxIiB4bWxucz0iaHR0cDovL3d3dy53My5vcmcvMjAwMC9zdmciPjwvc3ZnPg==\" style=\"--smush-placeholder-width: 284px; --smush-placeholder-aspect-ratio: 284\/630;\" \/><\/figure>\n","protected":false},"excerpt":{"rendered":"<p>Como casi todos los d\u00edas, este martes en nuestra ciudad ocurrieron dos siniestros viales en los que afortunadamente no hubo heridos de gravedad.Este martes en horas de la la ma\u00f1ana alrededor de las 08 horas, el personal policial acude a la calle Juan B. Justo y Salta, lugar donde por razones que se tratan de [&hellip;]<\/p>\n","protected":false},"author":4,"featured_media":106891,"comment_status":"closed","ping_status":"closed","sticky":false,"template":"","format":"standard","meta":{"om_disable_all_campaigns":false,"_jetpack_memberships_contains_paid_content":false,"footnotes":""},"categories":[50,2,103],"tags":[197,33,95,19],"class_list":["post-106890","post","type-post","status-publish","format-standard","has-post-thumbnail","hentry","category-destacadas","category-locales","category-policiales-locales","tag-buenos-aires","tag-locales","tag-policiales","tag-san-pedro"],"aioseo_notices":[],"gutentor_comment":0,"jetpack_featured_media_url":"https:\/\/eldiariodesanpedro.com.ar\/sitio\/wp-content\/uploads\/2022\/05\/WhatsApp-Image-2022-05-11-at-9.55.58-AM.jpeg","jetpack_shortlink":"https:\/\/wp.me\/p6RhLt-rO2","jetpack_sharing_enabled":true,"_links":{"self":[{"href":"https:\/\/eldiariodesanpedro.com.ar\/sitio\/wp-json\/wp\/v2\/posts\/106890","targetHints":{"allow":["GET"]}}],"collection":[{"href":"https:\/\/eldiariodesanpedro.com.ar\/sitio\/wp-json\/wp\/v2\/posts"}],"about":[{"href":"https:\/\/eldiariodesanpedro.com.ar\/sitio\/wp-json\/wp\/v2\/types\/post"}],"author":[{"embeddable":true,"href":"https:\/\/eldiariodesanpedro.com.ar\/sitio\/wp-json\/wp\/v2\/users\/4"}],"replies":[{"embeddable":true,"href":"https:\/\/eldiariodesanpedro.com.ar\/sitio\/wp-json\/wp\/v2\/comments?post=106890"}],"version-history":[{"count":2,"href":"https:\/\/eldiariodesanpedro.com.ar\/sitio\/wp-json\/wp\/v2\/posts\/106890\/revisions"}],"predecessor-version":[{"id":106894,"href":"https:\/\/eldiariodesanpedro.com.ar\/sitio\/wp-json\/wp\/v2\/posts\/106890\/revisions\/106894"}],"wp:featuredmedia":[{"embeddable":true,"href":"https:\/\/eldiariodesanpedro.com.ar\/sitio\/wp-json\/wp\/v2\/media\/106891"}],"wp:attachment":[{"href":"https:\/\/eldiariodesanpedro.com.ar\/sitio\/wp-json\/wp\/v2\/media?parent=106890"}],"wp:term":[{"taxonomy":"category","embeddable":true,"href":"https:\/\/eldiariodesanpedro.com.ar\/sitio\/wp-json\/wp\/v2\/categories?post=106890"},{"taxonomy":"post_tag","embeddable":true,"href":"https:\/\/eldiariodesanpedro.com.ar\/sitio\/wp-json\/wp\/v2\/tags?post=106890"}],"curies":[{"name":"wp","href":"https:\/\/api.w.org\/{rel}","templated":true}]}}