{"id":106882,"date":"2022-05-11T10:14:12","date_gmt":"2022-05-11T13:14:12","guid":{"rendered":"https:\/\/eldiariodesanpedro.com.ar\/sitio\/?p=106882"},"modified":"2022-05-11T10:14:13","modified_gmt":"2022-05-11T13:14:13","slug":"la-fiscal-viviani-solicito-la-prision-preventiva-de-los-sindicalistas-cabaleyro-y-espindola","status":"publish","type":"post","link":"https:\/\/eldiariodesanpedro.com.ar\/sitio\/la-fiscal-viviani-solicito-la-prision-preventiva-de-los-sindicalistas-cabaleyro-y-espindola\/","title":{"rendered":"La fiscal Viviani solicit\u00f3 la prisi\u00f3n preventiva de los sindicalistas Cabaleyro y Esp\u00edndola"},"content":{"rendered":"<!-- VideographyWP Plugin Message: Automatic video embedding prevented by plugin options. -->\n\n<p>Ambos se encuentran detenidos por una denuncia radicada por la firma Rey Distribuci\u00f3n en febrero del a\u00f1o pasado. La fiscal\u00eda agrav\u00f3 la car\u00e1tula y solicit\u00f3 que los acusados permanezcan detenidos hasta la jornada del juicio.<\/p>\n\n\n\n<p>La titular de la fiscal\u00eda 7 de San Pedro, Dra. Mar\u00eda del Valle Viviani, solicit\u00f3 al juzgado la prisi\u00f3n preventiva de los dirigentes de Camioneros Maximiliano Cabaleyro y Fernando Esp\u00edndola.<\/p>\n\n\n\n<p>El pedido era de esperar luego de que la semana pasada se agravara la car\u00e1tula del hecho y la situaci\u00f3n de ambos dirigentes sea mucho m\u00e1s comprometida.<\/p>\n\n\n\n<p>Ahora el juzgado interviniente se tomar\u00e1 el tiempo que permite la justicia para evaluar el pedido de Viviani y definir la situaci\u00f3n procesal de los acusados de \u00abapretar y extorsionar\u00bb a los comerciantes due\u00f1os de la empresa en nuestra ciudad.<\/p>\n\n\n\n<p>Cabaleyro y Esp\u00edndola permanecen detenidos en la sede de la DDI en San Nicol\u00e1s luego de que quedaran tras las rejas el pasado 8 de abril por orden de la jueza Mar\u00eda Eugenia Maiztegui.<\/p>\n","protected":false},"excerpt":{"rendered":"<p>Ambos se encuentran detenidos por una denuncia radicada por la firma Rey Distribuci\u00f3n en febrero del a\u00f1o pasado. La fiscal\u00eda agrav\u00f3 la car\u00e1tula y solicit\u00f3 que los acusados permanezcan detenidos hasta la jornada del juicio. La titular de la fiscal\u00eda 7 de San Pedro, Dra. Mar\u00eda del Valle Viviani, solicit\u00f3 al juzgado la prisi\u00f3n preventiva [&hellip;]<\/p>\n","protected":false},"author":4,"featured_media":106883,"comment_status":"closed","ping_status":"closed","sticky":false,"template":"","format":"standard","meta":{"om_disable_all_campaigns":false,"_jetpack_memberships_contains_paid_content":false,"footnotes":""},"categories":[50,101,2],"tags":[197,696,33,19],"class_list":["post-106882","post","type-post","status-publish","format-standard","has-post-thumbnail","hentry","category-destacadas","category-interes-general-locales","category-locales","tag-buenos-aires","tag-interes-general","tag-locales","tag-san-pedro"],"aioseo_notices":[],"gutentor_comment":0,"jetpack_featured_media_url":"https:\/\/eldiariodesanpedro.com.ar\/sitio\/wp-content\/uploads\/2022\/05\/0000020884-resized-1920x1080-1.jpg","jetpack_shortlink":"https:\/\/wp.me\/p6RhLt-rNU","jetpack_sharing_enabled":true,"_links":{"self":[{"href":"https:\/\/eldiariodesanpedro.com.ar\/sitio\/wp-json\/wp\/v2\/posts\/106882","targetHints":{"allow":["GET"]}}],"collection":[{"href":"https:\/\/eldiariodesanpedro.com.ar\/sitio\/wp-json\/wp\/v2\/posts"}],"about":[{"href":"https:\/\/eldiariodesanpedro.com.ar\/sitio\/wp-json\/wp\/v2\/types\/post"}],"author":[{"embeddable":true,"href":"https:\/\/eldiariodesanpedro.com.ar\/sitio\/wp-json\/wp\/v2\/users\/4"}],"replies":[{"embeddable":true,"href":"https:\/\/eldiariodesanpedro.com.ar\/sitio\/wp-json\/wp\/v2\/comments?post=106882"}],"version-history":[{"count":1,"href":"https:\/\/eldiariodesanpedro.com.ar\/sitio\/wp-json\/wp\/v2\/posts\/106882\/revisions"}],"predecessor-version":[{"id":106884,"href":"https:\/\/eldiariodesanpedro.com.ar\/sitio\/wp-json\/wp\/v2\/posts\/106882\/revisions\/106884"}],"wp:featuredmedia":[{"embeddable":true,"href":"https:\/\/eldiariodesanpedro.com.ar\/sitio\/wp-json\/wp\/v2\/media\/106883"}],"wp:attachment":[{"href":"https:\/\/eldiariodesanpedro.com.ar\/sitio\/wp-json\/wp\/v2\/media?parent=106882"}],"wp:term":[{"taxonomy":"category","embeddable":true,"href":"https:\/\/eldiariodesanpedro.com.ar\/sitio\/wp-json\/wp\/v2\/categories?post=106882"},{"taxonomy":"post_tag","embeddable":true,"href":"https:\/\/eldiariodesanpedro.com.ar\/sitio\/wp-json\/wp\/v2\/tags?post=106882"}],"curies":[{"name":"wp","href":"https:\/\/api.w.org\/{rel}","templated":true}]}}